{"id":18043,"date":"2017-08-17T20:03:24","date_gmt":"2017-08-17T20:03:24","guid":{"rendered":"http:\/\/www.agriatv.hu\/?p=18043"},"modified":"2017-08-17T20:03:24","modified_gmt":"2017-08-17T20:03:24","slug":"reinkarnacio-mitosz-vagy-valosag","status":"publish","type":"post","link":"https:\/\/www.agriatv.hu\/?p=18043","title":{"rendered":"Reinkarn\u00e1ci\u00f3: M\u00edtosz vagy val\u00f3s\u00e1g?"},"content":{"rendered":"<p style=\"text-align: justify;\"><a href=\"https:\/\/www.agriatv.hu\/wp-content\/uploads\/2017\/08\/557198.325x183.jpg\"><img loading=\"lazy\" decoding=\"async\" class=\"alignleft wp-image-18044\" src=\"https:\/\/www.agriatv.hu\/wp-content\/uploads\/2017\/08\/557198.325x183-300x169.jpg\" alt=\"\" width=\"209\" height=\"118\" srcset=\"https:\/\/www.agriatv.hu\/wp-content\/uploads\/2017\/08\/557198.325x183-300x169.jpg 300w, https:\/\/www.agriatv.hu\/wp-content\/uploads\/2017\/08\/557198.325x183.jpg 325w\" sizes=\"auto, (max-width: 209px) 100vw, 209px\" \/><\/a>Megh\u00f6kkent\u0151 t\u00f6rt\u00e9netek keringenek az interneten arr\u00f3l, hogy p\u00e1r \u00e9ves gyerekek eml\u00e9keznek kor\u00e1bbi \u00e9let\u00fck esem\u00e9nyeire. Mit sz\u00f3lnak ahhoz a sz\u00fcl\u0151k, ha mondjuk azt hallj\u00e1k, hogy gyerek\u00fck tudja, ki volt az anyja vagy az apja valamelyik kor\u00e1bbi \u00e9let\u00e9ben, net\u00e1n megnevezi, ki volt a gyilkosa?<\/p>\n<p><iframe loading=\"lazy\" src=\"\/\/tenyek.hu\/neoplayer\/tv2\/embed\/241628_reinkarnacio-mitosz-vagy-valosag.html\" width=\"640\" height=\"360\" frameborder=\"0\" scrolling=\"no\" allowfullscreen=\"allowfullscreen\"><\/iframe><\/p>\n","protected":false},"excerpt":{"rendered":"<p>Megh\u00f6kkent\u0151 t\u00f6rt\u00e9netek keringenek az interneten arr\u00f3l, hogy p\u00e1r \u00e9ves gyerekek eml\u00e9keznek kor\u00e1bbi \u00e9let\u00fck esem\u00e9nyeire. Mit sz\u00f3lnak ahhoz a sz\u00fcl\u0151k, ha mondjuk azt hallj\u00e1k, hogy gyerek\u00fck tudja, ki volt az anyja vagy az apja valamelyik kor\u00e1bbi \u00e9let\u00e9ben, net\u00e1n megnevezi, ki volt a gyilkosa?<\/p>\n","protected":false},"author":4,"featured_media":0,"comment_status":"open","ping_status":"closed","sticky":false,"template":"","format":"standard","meta":{"footnotes":""},"categories":[6,4],"tags":[2859,2858,2860],"class_list":["post-18043","post","type-post","status-publish","format-standard","hentry","category-belfold","category-szabadido","tag-mitosz","tag-reinkarnacio","tag-valosag"],"_links":{"self":[{"href":"https:\/\/www.agriatv.hu\/index.php?rest_route=\/wp\/v2\/posts\/18043","targetHints":{"allow":["GET"]}}],"collection":[{"href":"https:\/\/www.agriatv.hu\/index.php?rest_route=\/wp\/v2\/posts"}],"about":[{"href":"https:\/\/www.agriatv.hu\/index.php?rest_route=\/wp\/v2\/types\/post"}],"author":[{"embeddable":true,"href":"https:\/\/www.agriatv.hu\/index.php?rest_route=\/wp\/v2\/users\/4"}],"replies":[{"embeddable":true,"href":"https:\/\/www.agriatv.hu\/index.php?rest_route=%2Fwp%2Fv2%2Fcomments&post=18043"}],"version-history":[{"count":1,"href":"https:\/\/www.agriatv.hu\/index.php?rest_route=\/wp\/v2\/posts\/18043\/revisions"}],"predecessor-version":[{"id":18045,"href":"https:\/\/www.agriatv.hu\/index.php?rest_route=\/wp\/v2\/posts\/18043\/revisions\/18045"}],"wp:attachment":[{"href":"https:\/\/www.agriatv.hu\/index.php?rest_route=%2Fwp%2Fv2%2Fmedia&parent=18043"}],"wp:term":[{"taxonomy":"category","embeddable":true,"href":"https:\/\/www.agriatv.hu\/index.php?rest_route=%2Fwp%2Fv2%2Fcategories&post=18043"},{"taxonomy":"post_tag","embeddable":true,"href":"https:\/\/www.agriatv.hu\/index.php?rest_route=%2Fwp%2Fv2%2Ftags&post=18043"}],"curies":[{"name":"wp","href":"https:\/\/api.w.org\/{rel}","templated":true}]}}