{"id":18084,"date":"2017-08-30T20:08:28","date_gmt":"2017-08-30T20:08:28","guid":{"rendered":"http:\/\/www.agriatv.hu\/?p=18084"},"modified":"2017-08-30T20:08:28","modified_gmt":"2017-08-30T20:08:28","slug":"pokoli-alberletarak","status":"publish","type":"post","link":"https:\/\/www.agriatv.hu\/?p=18084","title":{"rendered":"Pokoli alb\u00e9rlet\u00e1rak"},"content":{"rendered":"<p style=\"text-align: justify;\"><a href=\"https:\/\/www.agriatv.hu\/wp-content\/uploads\/2017\/08\/558934.325x183.jpg\"><img loading=\"lazy\" decoding=\"async\" class=\"alignleft wp-image-18085\" src=\"https:\/\/www.agriatv.hu\/wp-content\/uploads\/2017\/08\/558934.325x183-300x169.jpg\" alt=\"\" width=\"211\" height=\"119\" srcset=\"https:\/\/www.agriatv.hu\/wp-content\/uploads\/2017\/08\/558934.325x183-300x169.jpg 300w, https:\/\/www.agriatv.hu\/wp-content\/uploads\/2017\/08\/558934.325x183.jpg 325w\" sizes=\"auto, (max-width: 211px) 100vw, 211px\" \/><\/a>M\u00e1r megint az egekbe sz\u00f6ktek az alb\u00e9rlet\u00e1rak, most nyilv\u00e1n a tan\u00e9vkezd\u00e9s miatt. A f\u0151v\u00e1ros vezet, ahol majdnem 150.000 Ft az \u00e1tlag\u00e1r. Van olyan budapesti belv\u00e1rosi ker\u00fclet, ahol tavaly ilyenkor \u00e1tlagosan 19 ezer forinttal olcs\u00f3bb volt egy kiad\u00f3 lak\u00e1s. Am\u00fagy az, hogy 12, avagy 15 ezer forinttal dr\u00e1g\u00e1bb minden alb\u00e9rlet, mint tavaly ilyenkor az teljesen \u00e1tlagos, de a 35 ezer forintos t\u00f6bblet sem ritka. Nem is olyan r\u00e9g 35ezer forint\u00e9rt garzont lehetett b\u00e9relni, ma ez m\u00e1r csak \u00e1lom. Egyetemist\u00e1kkal besz\u00e9lgett\u00fcnk, s k\u00f6r\u00fcln\u00e9zt\u00fcnk.<\/p>\n<p><iframe loading=\"lazy\" src=\"\/\/tenyek.hu\/neoplayer\/tv2\/embed\/242486_pokoli-alberletarak.html\" width=\"640\" height=\"360\" frameborder=\"0\" scrolling=\"no\" allowfullscreen=\"allowfullscreen\"><\/iframe><\/p>\n","protected":false},"excerpt":{"rendered":"<p>M\u00e1r megint az egekbe sz\u00f6ktek az alb\u00e9rlet\u00e1rak, most nyilv\u00e1n a tan\u00e9vkezd\u00e9s miatt. A f\u0151v\u00e1ros vezet, ahol majdnem 150.000 Ft az \u00e1tlag\u00e1r. Van olyan budapesti belv\u00e1rosi ker\u00fclet, ahol tavaly ilyenkor \u00e1tlagosan 19 ezer forinttal olcs\u00f3bb volt egy kiad\u00f3 lak\u00e1s. Am\u00fagy az, hogy 12, avagy 15 ezer forinttal dr\u00e1g\u00e1bb minden alb\u00e9rlet, mint tavaly ilyenkor az teljesen \u00e1tlagos, [&#8230;]<\/p>\n","protected":false},"author":4,"featured_media":0,"comment_status":"open","ping_status":"closed","sticky":false,"template":"","format":"standard","meta":{"footnotes":""},"categories":[6,9],"tags":[2499,1674,1266,2867,1772,1827,60],"class_list":["post-18084","post","type-post","status-publish","format-standard","hentry","category-belfold","category-oktatas","tag-alberlet","tag-ar","tag-egyetem","tag-hallagto","tag-kollegium","tag-rezsi","tag-tanulas"],"_links":{"self":[{"href":"https:\/\/www.agriatv.hu\/index.php?rest_route=\/wp\/v2\/posts\/18084","targetHints":{"allow":["GET"]}}],"collection":[{"href":"https:\/\/www.agriatv.hu\/index.php?rest_route=\/wp\/v2\/posts"}],"about":[{"href":"https:\/\/www.agriatv.hu\/index.php?rest_route=\/wp\/v2\/types\/post"}],"author":[{"embeddable":true,"href":"https:\/\/www.agriatv.hu\/index.php?rest_route=\/wp\/v2\/users\/4"}],"replies":[{"embeddable":true,"href":"https:\/\/www.agriatv.hu\/index.php?rest_route=%2Fwp%2Fv2%2Fcomments&post=18084"}],"version-history":[{"count":1,"href":"https:\/\/www.agriatv.hu\/index.php?rest_route=\/wp\/v2\/posts\/18084\/revisions"}],"predecessor-version":[{"id":18086,"href":"https:\/\/www.agriatv.hu\/index.php?rest_route=\/wp\/v2\/posts\/18084\/revisions\/18086"}],"wp:attachment":[{"href":"https:\/\/www.agriatv.hu\/index.php?rest_route=%2Fwp%2Fv2%2Fmedia&parent=18084"}],"wp:term":[{"taxonomy":"category","embeddable":true,"href":"https:\/\/www.agriatv.hu\/index.php?rest_route=%2Fwp%2Fv2%2Fcategories&post=18084"},{"taxonomy":"post_tag","embeddable":true,"href":"https:\/\/www.agriatv.hu\/index.php?rest_route=%2Fwp%2Fv2%2Ftags&post=18084"}],"curies":[{"name":"wp","href":"https:\/\/api.w.org\/{rel}","templated":true}]}}