{"id":18124,"date":"2017-09-07T18:58:10","date_gmt":"2017-09-07T18:58:10","guid":{"rendered":"http:\/\/www.agriatv.hu\/?p=18124"},"modified":"2017-09-07T18:58:10","modified_gmt":"2017-09-07T18:58:10","slug":"feltekenyseg-miatt-verte-meg-parjat","status":"publish","type":"post","link":"https:\/\/www.agriatv.hu\/?p=18124","title":{"rendered":"F\u00e9lt\u00e9kenys\u00e9g miatt verte meg p\u00e1rj\u00e1t"},"content":{"rendered":"<p style=\"text-align: justify;\"><a href=\"https:\/\/www.agriatv.hu\/wp-content\/uploads\/2017\/09\/560378.325x183.jpg\"><img loading=\"lazy\" decoding=\"async\" class=\"alignleft wp-image-18125\" src=\"https:\/\/www.agriatv.hu\/wp-content\/uploads\/2017\/09\/560378.325x183-300x169.jpg\" alt=\"\" width=\"225\" height=\"127\" srcset=\"https:\/\/www.agriatv.hu\/wp-content\/uploads\/2017\/09\/560378.325x183-300x169.jpg 300w, https:\/\/www.agriatv.hu\/wp-content\/uploads\/2017\/09\/560378.325x183.jpg 325w\" sizes=\"auto, (max-width: 225px) 100vw, 225px\" \/><\/a>F\u00e9lt\u00e9kenys\u00e9gb\u0151l verte \u00f6ssze a gyereke anyj\u00e1t egy f\u00e9rfi egy Szihalomhoz k\u00f6zeli panzi\u00f3ban, Heves megy\u00e9ben. A f\u00e9lt\u00e9keny f\u00e9rfi el\u0151sz\u00f6r csak k\u00e9rdezgette a p\u00e1rj\u00e1t, hogy kivel van viszonya, de a n\u0151 tagadta, ezut\u00e1n lett annyira ideges, hogy el\u0151sz\u00f6r lerugdosta a n\u0151t egy l\u00e9pcs\u0151n majd ugyanott felr\u00e1ngatta, Az \u00e1ldozat cs\u00fany\u00e1n megs\u00e9r\u00fclt, a f\u00e9rfi ellen v\u00e1dat emeltek.<\/p>\n<p><iframe loading=\"lazy\" src=\"\/\/tenyek.hu\/neoplayer\/tv2\/embed\/243125_feltekenyseg-miatt-verte-meg-parjat.html\" width=\"640\" height=\"360\" frameborder=\"0\" scrolling=\"no\" allowfullscreen=\"allowfullscreen\"><\/iframe><\/p>\n","protected":false},"excerpt":{"rendered":"<p>F\u00e9lt\u00e9kenys\u00e9gb\u0151l verte \u00f6ssze a gyereke anyj\u00e1t egy f\u00e9rfi egy Szihalomhoz k\u00f6zeli panzi\u00f3ban, Heves megy\u00e9ben. A f\u00e9lt\u00e9keny f\u00e9rfi el\u0151sz\u00f6r csak k\u00e9rdezgette a p\u00e1rj\u00e1t, hogy kivel van viszonya, de a n\u0151 tagadta, ezut\u00e1n lett annyira ideges, hogy el\u0151sz\u00f6r lerugdosta a n\u0151t egy l\u00e9pcs\u0151n majd ugyanott felr\u00e1ngatta, Az \u00e1ldozat cs\u00fany\u00e1n megs\u00e9r\u00fclt, a f\u00e9rfi ellen v\u00e1dat emeltek.<\/p>\n","protected":false},"author":4,"featured_media":0,"comment_status":"open","ping_status":"closed","sticky":false,"template":"","format":"standard","meta":{"footnotes":""},"categories":[5],"tags":[2644,1370,1263,447,2152,1565],"class_list":["post-18124","post","type-post","status-publish","format-standard","hentry","category-kek-hirek","tag-feltekenyseg","tag-no","tag-serules","tag-ugyeszseg","tag-vademeles","tag-veres"],"_links":{"self":[{"href":"https:\/\/www.agriatv.hu\/index.php?rest_route=\/wp\/v2\/posts\/18124","targetHints":{"allow":["GET"]}}],"collection":[{"href":"https:\/\/www.agriatv.hu\/index.php?rest_route=\/wp\/v2\/posts"}],"about":[{"href":"https:\/\/www.agriatv.hu\/index.php?rest_route=\/wp\/v2\/types\/post"}],"author":[{"embeddable":true,"href":"https:\/\/www.agriatv.hu\/index.php?rest_route=\/wp\/v2\/users\/4"}],"replies":[{"embeddable":true,"href":"https:\/\/www.agriatv.hu\/index.php?rest_route=%2Fwp%2Fv2%2Fcomments&post=18124"}],"version-history":[{"count":1,"href":"https:\/\/www.agriatv.hu\/index.php?rest_route=\/wp\/v2\/posts\/18124\/revisions"}],"predecessor-version":[{"id":18126,"href":"https:\/\/www.agriatv.hu\/index.php?rest_route=\/wp\/v2\/posts\/18124\/revisions\/18126"}],"wp:attachment":[{"href":"https:\/\/www.agriatv.hu\/index.php?rest_route=%2Fwp%2Fv2%2Fmedia&parent=18124"}],"wp:term":[{"taxonomy":"category","embeddable":true,"href":"https:\/\/www.agriatv.hu\/index.php?rest_route=%2Fwp%2Fv2%2Fcategories&post=18124"},{"taxonomy":"post_tag","embeddable":true,"href":"https:\/\/www.agriatv.hu\/index.php?rest_route=%2Fwp%2Fv2%2Ftags&post=18124"}],"curies":[{"name":"wp","href":"https:\/\/api.w.org\/{rel}","templated":true}]}}