{"id":18139,"date":"2017-09-09T19:50:19","date_gmt":"2017-09-09T19:50:19","guid":{"rendered":"http:\/\/www.agriatv.hu\/?p=18139"},"modified":"2017-09-09T19:50:33","modified_gmt":"2017-09-09T19:50:33","slug":"kaotikus-allapotok-a-sztrajk-miatt","status":"publish","type":"post","link":"https:\/\/www.agriatv.hu\/?p=18139","title":{"rendered":"Kaotikus \u00e1llapotok a sztr\u00e1jk miatt"},"content":{"rendered":"<p style=\"text-align: justify;\"><a href=\"https:\/\/www.agriatv.hu\/wp-content\/uploads\/2017\/09\/560641.325x183.jpg\"><img loading=\"lazy\" decoding=\"async\" class=\"alignleft wp-image-18140\" src=\"https:\/\/www.agriatv.hu\/wp-content\/uploads\/2017\/09\/560641.325x183-300x169.jpg\" alt=\"\" width=\"222\" height=\"125\" srcset=\"https:\/\/www.agriatv.hu\/wp-content\/uploads\/2017\/09\/560641.325x183-300x169.jpg 300w, https:\/\/www.agriatv.hu\/wp-content\/uploads\/2017\/09\/560641.325x183.jpg 325w\" sizes=\"auto, (max-width: 222px) 100vw, 222px\" \/><\/a>Megfenyegette a di\u00e1kokat az egri Tesco vezet\u0151je, hogy ne sztr\u00e1jkoljanak, ezt \u00e1ll\u00edtja egy ott dolgoz\u00f3 \u00e9s p\u00e1r tanul\u00f3. Szerinte azt mondta neki a f\u0151n\u00f6k\u00fck, hogyha be\u00e1llnak a sztr\u00e1jkol\u00f3k k\u00f6z\u00e9, tesz r\u00f3la, hogy ne kapjanak m\u00e1sutt se munk\u00e1t. A di\u00e1kokkal hangfelv\u00e9telt is k\u00e9sz\u00edtett az alkalmazott. A Tesco szerint ez hazugs\u00e1g, \u00e9s vizsg\u00e1lj\u00e1k az \u00fcgyet. A dolgoz\u00f3k munkabesz\u00fcntet\u00e9se miatt tizennyolc \u00e1ruh\u00e1zat kellett bez\u00e1rni, van, ahol di\u00e1kmunk\u00e1val p\u00f3tolj\u00e1k a hi\u00e1nyt, vagy maguk az \u00e1ruh\u00e1zvezet\u0151k is be\u00e1lltak ak\u00e1r a p\u00e9nzt\u00e1rakba dolgozni.<\/p>\n<p><iframe loading=\"lazy\" src=\"\/\/tenyek.hu\/neoplayer\/tv2\/embed\/243248_kaotikus-allapotok-a-sztrajk-miatt.html\" width=\"640\" height=\"360\" frameborder=\"0\" scrolling=\"no\" allowfullscreen=\"allowfullscreen\"><\/iframe><\/p>\n","protected":false},"excerpt":{"rendered":"<p>Megfenyegette a di\u00e1kokat az egri Tesco vezet\u0151je, hogy ne sztr\u00e1jkoljanak, ezt \u00e1ll\u00edtja egy ott dolgoz\u00f3 \u00e9s p\u00e1r tanul\u00f3. Szerinte azt mondta neki a f\u0151n\u00f6k\u00fck, hogyha be\u00e1llnak a sztr\u00e1jkol\u00f3k k\u00f6z\u00e9, tesz r\u00f3la, hogy ne kapjanak m\u00e1sutt se munk\u00e1t. A di\u00e1kokkal hangfelv\u00e9telt is k\u00e9sz\u00edtett az alkalmazott. A Tesco szerint ez hazugs\u00e1g, \u00e9s vizsg\u00e1lj\u00e1k az \u00fcgyet. A dolgoz\u00f3k [&#8230;]<\/p>\n","protected":false},"author":4,"featured_media":0,"comment_status":"open","ping_status":"closed","sticky":false,"template":"","format":"standard","meta":{"footnotes":""},"categories":[6,450],"tags":[123,36,2328,2616,2880],"class_list":["post-18139","post","type-post","status-publish","format-standard","hentry","category-belfold","category-gazdasag-2","tag-diak","tag-eger","tag-fenyegetes","tag-sztrajk","tag-tesco"],"_links":{"self":[{"href":"https:\/\/www.agriatv.hu\/index.php?rest_route=\/wp\/v2\/posts\/18139","targetHints":{"allow":["GET"]}}],"collection":[{"href":"https:\/\/www.agriatv.hu\/index.php?rest_route=\/wp\/v2\/posts"}],"about":[{"href":"https:\/\/www.agriatv.hu\/index.php?rest_route=\/wp\/v2\/types\/post"}],"author":[{"embeddable":true,"href":"https:\/\/www.agriatv.hu\/index.php?rest_route=\/wp\/v2\/users\/4"}],"replies":[{"embeddable":true,"href":"https:\/\/www.agriatv.hu\/index.php?rest_route=%2Fwp%2Fv2%2Fcomments&post=18139"}],"version-history":[{"count":1,"href":"https:\/\/www.agriatv.hu\/index.php?rest_route=\/wp\/v2\/posts\/18139\/revisions"}],"predecessor-version":[{"id":18141,"href":"https:\/\/www.agriatv.hu\/index.php?rest_route=\/wp\/v2\/posts\/18139\/revisions\/18141"}],"wp:attachment":[{"href":"https:\/\/www.agriatv.hu\/index.php?rest_route=%2Fwp%2Fv2%2Fmedia&parent=18139"}],"wp:term":[{"taxonomy":"category","embeddable":true,"href":"https:\/\/www.agriatv.hu\/index.php?rest_route=%2Fwp%2Fv2%2Fcategories&post=18139"},{"taxonomy":"post_tag","embeddable":true,"href":"https:\/\/www.agriatv.hu\/index.php?rest_route=%2Fwp%2Fv2%2Ftags&post=18139"}],"curies":[{"name":"wp","href":"https:\/\/api.w.org\/{rel}","templated":true}]}}