{"id":18142,"date":"2017-09-10T20:56:19","date_gmt":"2017-09-10T20:56:19","guid":{"rendered":"http:\/\/www.agriatv.hu\/?p=18142"},"modified":"2017-09-10T20:56:19","modified_gmt":"2017-09-10T20:56:19","slug":"utoljara-volt-nyari-meleg","status":"publish","type":"post","link":"https:\/\/www.agriatv.hu\/?p=18142","title":{"rendered":"Utolj\u00e1ra volt ny\u00e1ri meleg"},"content":{"rendered":"<p style=\"text-align: justify;\"><a href=\"https:\/\/www.agriatv.hu\/wp-content\/uploads\/2017\/09\/560699.325x183.jpg\"><img loading=\"lazy\" decoding=\"async\" class=\"alignleft size-medium wp-image-18143\" src=\"https:\/\/www.agriatv.hu\/wp-content\/uploads\/2017\/09\/560699.325x183-300x169.jpg\" alt=\"\" width=\"300\" height=\"169\" srcset=\"https:\/\/www.agriatv.hu\/wp-content\/uploads\/2017\/09\/560699.325x183-300x169.jpg 300w, https:\/\/www.agriatv.hu\/wp-content\/uploads\/2017\/09\/560699.325x183.jpg 325w\" sizes=\"auto, (max-width: 300px) 100vw, 300px\" \/><\/a>Ny\u00e1ri meleg volt a h\u00e9tv\u00e9g\u00e9n, harminc fok k\u00f6r\u00fcl volt a h\u0151m\u00e9rs\u00e9klet az orsz\u00e1g nyugati r\u00e9sz\u00e9n. A Balatonn\u00e1l megint rengetegen voltak, b\u00e1r m\u00e1r nem mindenki strandolt, Egerben a sz\u00fcreti napokon \u00e9s a veter\u00e1naut\u00f3-tal\u00e1lkoz\u00f3n volt hatalmas t\u00f6meg a j\u00f3 id\u0151ben. Holnap m\u00e9g meleg lesz, s\u0151t, ak\u00e1r a melegrekord is megd\u0151lhet, kedden viszont m\u00e1r t\u00edz fokkal hidegebb lesz.<\/p>\n<p><iframe loading=\"lazy\" src=\"\/\/tenyek.hu\/neoplayer\/tv2\/embed\/243285_utoljara-volt-nyari-meleg.html\" width=\"640\" height=\"360\" frameborder=\"0\" scrolling=\"no\" allowfullscreen=\"allowfullscreen\"><\/iframe><\/p>\n","protected":false},"excerpt":{"rendered":"<p>Ny\u00e1ri meleg volt a h\u00e9tv\u00e9g\u00e9n, harminc fok k\u00f6r\u00fcl volt a h\u0151m\u00e9rs\u00e9klet az orsz\u00e1g nyugati r\u00e9sz\u00e9n. A Balatonn\u00e1l megint rengetegen voltak, b\u00e1r m\u00e1r nem mindenki strandolt, Egerben a sz\u00fcreti napokon \u00e9s a veter\u00e1naut\u00f3-tal\u00e1lkoz\u00f3n volt hatalmas t\u00f6meg a j\u00f3 id\u0151ben. Holnap m\u00e9g meleg lesz, s\u0151t, ak\u00e1r a melegrekord is megd\u0151lhet, kedden viszont m\u00e1r t\u00edz fokkal hidegebb lesz.<\/p>\n","protected":false},"author":4,"featured_media":0,"comment_status":"open","ping_status":"closed","sticky":false,"template":"","format":"standard","meta":{"footnotes":""},"categories":[6,4],"tags":[899,1105,2706,1911,2736],"class_list":["post-18142","post","type-post","status-publish","format-standard","hentry","category-belfold","category-szabadido","tag-idojaras","tag-kirandulas","tag-lehules","tag-meleg","tag-nyar"],"_links":{"self":[{"href":"https:\/\/www.agriatv.hu\/index.php?rest_route=\/wp\/v2\/posts\/18142","targetHints":{"allow":["GET"]}}],"collection":[{"href":"https:\/\/www.agriatv.hu\/index.php?rest_route=\/wp\/v2\/posts"}],"about":[{"href":"https:\/\/www.agriatv.hu\/index.php?rest_route=\/wp\/v2\/types\/post"}],"author":[{"embeddable":true,"href":"https:\/\/www.agriatv.hu\/index.php?rest_route=\/wp\/v2\/users\/4"}],"replies":[{"embeddable":true,"href":"https:\/\/www.agriatv.hu\/index.php?rest_route=%2Fwp%2Fv2%2Fcomments&post=18142"}],"version-history":[{"count":1,"href":"https:\/\/www.agriatv.hu\/index.php?rest_route=\/wp\/v2\/posts\/18142\/revisions"}],"predecessor-version":[{"id":18144,"href":"https:\/\/www.agriatv.hu\/index.php?rest_route=\/wp\/v2\/posts\/18142\/revisions\/18144"}],"wp:attachment":[{"href":"https:\/\/www.agriatv.hu\/index.php?rest_route=%2Fwp%2Fv2%2Fmedia&parent=18142"}],"wp:term":[{"taxonomy":"category","embeddable":true,"href":"https:\/\/www.agriatv.hu\/index.php?rest_route=%2Fwp%2Fv2%2Fcategories&post=18142"},{"taxonomy":"post_tag","embeddable":true,"href":"https:\/\/www.agriatv.hu\/index.php?rest_route=%2Fwp%2Fv2%2Ftags&post=18142"}],"curies":[{"name":"wp","href":"https:\/\/api.w.org\/{rel}","templated":true}]}}