{"id":18152,"date":"2017-09-11T18:21:59","date_gmt":"2017-09-11T18:21:59","guid":{"rendered":"http:\/\/www.agriatv.hu\/?p=18152"},"modified":"2017-09-11T18:23:05","modified_gmt":"2017-09-11T18:23:05","slug":"szakadekba-zuhant-a-motoros-meghalt","status":"publish","type":"post","link":"https:\/\/www.agriatv.hu\/?p=18152","title":{"rendered":"Szakad\u00e9kba zuhant a motoros, meghalt"},"content":{"rendered":"<p style=\"text-align: justify;\"><a href=\"https:\/\/www.agriatv.hu\/wp-content\/uploads\/2017\/09\/561002.325x183.jpg\"><img loading=\"lazy\" decoding=\"async\" class=\"alignleft wp-image-18153\" src=\"https:\/\/www.agriatv.hu\/wp-content\/uploads\/2017\/09\/561002.325x183-300x169.jpg\" alt=\"\" width=\"202\" height=\"114\" srcset=\"https:\/\/www.agriatv.hu\/wp-content\/uploads\/2017\/09\/561002.325x183-300x169.jpg 300w, https:\/\/www.agriatv.hu\/wp-content\/uploads\/2017\/09\/561002.325x183.jpg 325w\" sizes=\"auto, (max-width: 202px) 100vw, 202px\" \/><\/a>Meghalt egy motoros a B\u00fckkben, miut\u00e1n lerep\u00fclt a motorj\u00e1r\u00f3l, 5 m\u00e9tert zuhant \u00e9s egy f\u00e1nak csap\u00f3dott. A 39 \u00e9ves miskolci f\u00e9rfi Lillaf\u00fcred fel\u00e9 ment, \u00e1m a motor hirtelen megcs\u00faszott \u00e9s a szalagkorl\u00e1tnak \u00fctk\u00f6z\u00f6tt.<\/p>\n<p><iframe loading=\"lazy\" src=\"\/\/tenyek.hu\/neoplayer\/tv2\/embed\/243380_szakadekba-zuhant-a-motoros-meghalt.html\" width=\"640\" height=\"360\" frameborder=\"0\" scrolling=\"no\" allowfullscreen=\"allowfullscreen\"><\/iframe><\/p>\n<blockquote class=\"embedly-card\" data-card-controls=\"1\" data-card-align=\"center\" data-card-theme=\"light\" data-card-key=\"bbb82e0305934450ba516e363ef455a7\">\n<h4><a href=\"http:\/\/rtl.hu\/rtlklub\/hirek\/lesodrodott-az-utrol-a-motoros-meghalt\">RTL.hu<\/a><\/h4>\n<p>No Description<\/p>\n<\/blockquote>\n<p><script async src=\"\/\/cdn.embedly.com\/widgets\/platform.js\" charset=\"UTF-8\"><\/script><\/p>\n","protected":false},"excerpt":{"rendered":"<p>Meghalt egy motoros a B\u00fckkben, miut\u00e1n lerep\u00fclt a motorj\u00e1r\u00f3l, 5 m\u00e9tert zuhant \u00e9s egy f\u00e1nak csap\u00f3dott. A 39 \u00e9ves miskolci f\u00e9rfi Lillaf\u00fcred fel\u00e9 ment, \u00e1m a motor hirtelen megcs\u00faszott \u00e9s a szalagkorl\u00e1tnak \u00fctk\u00f6z\u00f6tt.<\/p>\n<p>RTL.hu<br \/>\nNo Description<\/p>\n","protected":false},"author":4,"featured_media":0,"comment_status":"open","ping_status":"closed","sticky":false,"template":"","format":"standard","meta":{"footnotes":""},"categories":[5],"tags":[41,771,39],"class_list":["post-18152","post","type-post","status-publish","format-standard","hentry","category-kek-hirek","tag-baleset","tag-halal","tag-motoros"],"_links":{"self":[{"href":"https:\/\/www.agriatv.hu\/index.php?rest_route=\/wp\/v2\/posts\/18152","targetHints":{"allow":["GET"]}}],"collection":[{"href":"https:\/\/www.agriatv.hu\/index.php?rest_route=\/wp\/v2\/posts"}],"about":[{"href":"https:\/\/www.agriatv.hu\/index.php?rest_route=\/wp\/v2\/types\/post"}],"author":[{"embeddable":true,"href":"https:\/\/www.agriatv.hu\/index.php?rest_route=\/wp\/v2\/users\/4"}],"replies":[{"embeddable":true,"href":"https:\/\/www.agriatv.hu\/index.php?rest_route=%2Fwp%2Fv2%2Fcomments&post=18152"}],"version-history":[{"count":1,"href":"https:\/\/www.agriatv.hu\/index.php?rest_route=\/wp\/v2\/posts\/18152\/revisions"}],"predecessor-version":[{"id":18154,"href":"https:\/\/www.agriatv.hu\/index.php?rest_route=\/wp\/v2\/posts\/18152\/revisions\/18154"}],"wp:attachment":[{"href":"https:\/\/www.agriatv.hu\/index.php?rest_route=%2Fwp%2Fv2%2Fmedia&parent=18152"}],"wp:term":[{"taxonomy":"category","embeddable":true,"href":"https:\/\/www.agriatv.hu\/index.php?rest_route=%2Fwp%2Fv2%2Fcategories&post=18152"},{"taxonomy":"post_tag","embeddable":true,"href":"https:\/\/www.agriatv.hu\/index.php?rest_route=%2Fwp%2Fv2%2Ftags&post=18152"}],"curies":[{"name":"wp","href":"https:\/\/api.w.org\/{rel}","templated":true}]}}