{"id":18166,"date":"2017-09-15T19:24:15","date_gmt":"2017-09-15T19:24:15","guid":{"rendered":"http:\/\/www.agriatv.hu\/?p=18166"},"modified":"2017-09-15T19:24:15","modified_gmt":"2017-09-15T19:24:15","slug":"feloklelte-a-szarvas-a-ferfit","status":"publish","type":"post","link":"https:\/\/www.agriatv.hu\/?p=18166","title":{"rendered":"Fel\u00f6klelte a szarvas a f\u00e9rfit"},"content":{"rendered":"<p style=\"text-align: justify;\"><a href=\"https:\/\/www.agriatv.hu\/wp-content\/uploads\/2017\/09\/561878.325x183.jpg\"><img loading=\"lazy\" decoding=\"async\" class=\"alignleft  wp-image-18167\" src=\"https:\/\/www.agriatv.hu\/wp-content\/uploads\/2017\/09\/561878.325x183-300x169.jpg\" alt=\"\" width=\"195\" height=\"110\" srcset=\"https:\/\/www.agriatv.hu\/wp-content\/uploads\/2017\/09\/561878.325x183-300x169.jpg 300w, https:\/\/www.agriatv.hu\/wp-content\/uploads\/2017\/09\/561878.325x183.jpg 325w\" sizes=\"auto, (max-width: 195px) 100vw, 195px\" \/><\/a>Fel\u00f6klelte egy szarvas a poroszl\u00f3i \u00d6kocentrumban egy f\u00e9rfit. A combj\u00e1n tal\u00e1lta el, majd g\u00f6rgette is a f\u00f6ld\u00f6n. Szakemberek szerint z\u00e1rt helyen nem szabad egyed\u00fcl bemenni a kifut\u00f3ba \u0151sszel, ugyanis ilyenkor b\u0151gnek a szarvasok, \u00e9s agressz\u00edvebb\u00e9 v\u00e1lnak. A f\u00e9rfit megm\u0171t\u00f6tt\u00e9k, de lehet, hogy \u00fajabb m\u0171t\u00e9tek v\u00e1rnak m\u00e9g r\u00e1.<\/p>\n<p><iframe loading=\"lazy\" src=\"\/\/tenyek.hu\/neoplayer\/tv2\/embed\/243788_feloklelte-a-szarvas-a-ferfit.html\" width=\"640\" height=\"360\" frameborder=\"0\" scrolling=\"no\" allowfullscreen=\"allowfullscreen\"><\/iframe><\/p>\n","protected":false},"excerpt":{"rendered":"<p>Fel\u00f6klelte egy szarvas a poroszl\u00f3i \u00d6kocentrumban egy f\u00e9rfit. A combj\u00e1n tal\u00e1lta el, majd g\u00f6rgette is a f\u00f6ld\u00f6n. Szakemberek szerint z\u00e1rt helyen nem szabad egyed\u00fcl bemenni a kifut\u00f3ba \u0151sszel, ugyanis ilyenkor b\u0151gnek a szarvasok, \u00e9s agressz\u00edvebb\u00e9 v\u00e1lnak. A f\u00e9rfit megm\u0171t\u00f6tt\u00e9k, de lehet, hogy \u00fajabb m\u0171t\u00e9tek v\u00e1rnak m\u00e9g r\u00e1.<\/p>\n","protected":false},"author":4,"featured_media":0,"comment_status":"open","ping_status":"closed","sticky":false,"template":"","format":"standard","meta":{"footnotes":""},"categories":[6,5,4],"tags":[41,2309,1341,2045],"class_list":["post-18166","post","type-post","status-publish","format-standard","hentry","category-belfold","category-kek-hirek","category-szabadido","tag-baleset","tag-okocentrum","tag-poroszlo","tag-szarvas"],"_links":{"self":[{"href":"https:\/\/www.agriatv.hu\/index.php?rest_route=\/wp\/v2\/posts\/18166","targetHints":{"allow":["GET"]}}],"collection":[{"href":"https:\/\/www.agriatv.hu\/index.php?rest_route=\/wp\/v2\/posts"}],"about":[{"href":"https:\/\/www.agriatv.hu\/index.php?rest_route=\/wp\/v2\/types\/post"}],"author":[{"embeddable":true,"href":"https:\/\/www.agriatv.hu\/index.php?rest_route=\/wp\/v2\/users\/4"}],"replies":[{"embeddable":true,"href":"https:\/\/www.agriatv.hu\/index.php?rest_route=%2Fwp%2Fv2%2Fcomments&post=18166"}],"version-history":[{"count":1,"href":"https:\/\/www.agriatv.hu\/index.php?rest_route=\/wp\/v2\/posts\/18166\/revisions"}],"predecessor-version":[{"id":18168,"href":"https:\/\/www.agriatv.hu\/index.php?rest_route=\/wp\/v2\/posts\/18166\/revisions\/18168"}],"wp:attachment":[{"href":"https:\/\/www.agriatv.hu\/index.php?rest_route=%2Fwp%2Fv2%2Fmedia&parent=18166"}],"wp:term":[{"taxonomy":"category","embeddable":true,"href":"https:\/\/www.agriatv.hu\/index.php?rest_route=%2Fwp%2Fv2%2Fcategories&post=18166"},{"taxonomy":"post_tag","embeddable":true,"href":"https:\/\/www.agriatv.hu\/index.php?rest_route=%2Fwp%2Fv2%2Ftags&post=18166"}],"curies":[{"name":"wp","href":"https:\/\/api.w.org\/{rel}","templated":true}]}}