{"id":18169,"date":"2017-09-17T19:27:55","date_gmt":"2017-09-17T19:27:55","guid":{"rendered":"http:\/\/www.agriatv.hu\/?p=18169"},"modified":"2017-09-19T19:32:49","modified_gmt":"2017-09-19T19:32:49","slug":"adomanygyujtest-hazudtak-a-tolvajok","status":"publish","type":"post","link":"https:\/\/www.agriatv.hu\/?p=18169","title":{"rendered":"Adom\u00e1nygy\u0171jt\u00e9st hazudtak a tolvajok"},"content":{"rendered":"<p style=\"text-align: justify;\"><a href=\"https:\/\/www.agriatv.hu\/wp-content\/uploads\/2017\/09\/561909.325x183.jpg\"><img loading=\"lazy\" decoding=\"async\" class=\"alignleft wp-image-18170\" src=\"https:\/\/www.agriatv.hu\/wp-content\/uploads\/2017\/09\/561909.325x183-300x169.jpg\" alt=\"\" width=\"195\" height=\"110\" srcset=\"https:\/\/www.agriatv.hu\/wp-content\/uploads\/2017\/09\/561909.325x183-300x169.jpg 300w, https:\/\/www.agriatv.hu\/wp-content\/uploads\/2017\/09\/561909.325x183.jpg 325w\" sizes=\"auto, (max-width: 195px) 100vw, 195px\" \/><\/a>Beteg gyerekeknek gy\u0171jtenek, ezzel a hazugs\u00e1ggal k\u00e9rezkedtek be h\u00e1zakba tolvajok Miskolcon. Tizenegy helyre jutottak be, mobiltelefont, p\u00e9nzt, \u00e9kszereket, bicikliket, mindent vittek. Ott lak\u00f3k szerint f\u00e9nyes nappal, pof\u00e1tlanul raboltak, az sem \u00e9rdekelte \u0151ket, hogy sokan otthon vannak, ezt is mondt\u00e1k a T\u00e9nyeknek. V\u00e9g\u00fcl egy k\u00f6z\u00e9pkor\u00fa n\u0151nek lettek gyan\u00fasak, hozz\u00e1 is az adom\u00e1nygy\u0171jt\u00e9s mes\u00e9j\u00e9vel mentek be.<\/p>\n<p><iframe loading=\"lazy\" src=\"\/\/tenyek.hu\/neoplayer\/tv2\/embed\/243809_adomanygyujtest-hazudtak-a-tolvajok.html\" width=\"640\" height=\"360\" frameborder=\"0\" scrolling=\"no\" allowfullscreen=\"allowfullscreen\"><\/iframe><\/p>\n","protected":false},"excerpt":{"rendered":"<p>Beteg gyerekeknek gy\u0171jtenek, ezzel a hazugs\u00e1ggal k\u00e9rezkedtek be h\u00e1zakba tolvajok Miskolcon. Tizenegy helyre jutottak be, mobiltelefont, p\u00e9nzt, \u00e9kszereket, bicikliket, mindent vittek. Ott lak\u00f3k szerint f\u00e9nyes nappal, pof\u00e1tlanul raboltak, az sem \u00e9rdekelte \u0151ket, hogy sokan otthon vannak, ezt is mondt\u00e1k a T\u00e9nyeknek. V\u00e9g\u00fcl egy k\u00f6z\u00e9pkor\u00fa n\u0151nek lettek gyan\u00fasak, hozz\u00e1 is az adom\u00e1nygy\u0171jt\u00e9s mes\u00e9j\u00e9vel mentek be.<\/p>\n","protected":false},"author":4,"featured_media":0,"comment_status":"open","ping_status":"closed","sticky":false,"template":"","format":"standard","meta":{"footnotes":""},"categories":[5],"tags":[27,1452,242,1553],"class_list":["post-18169","post","type-post","status-publish","format-standard","hentry","category-kek-hirek","tag-adomany","tag-haz","tag-lopas","tag-tolvaj"],"_links":{"self":[{"href":"https:\/\/www.agriatv.hu\/index.php?rest_route=\/wp\/v2\/posts\/18169","targetHints":{"allow":["GET"]}}],"collection":[{"href":"https:\/\/www.agriatv.hu\/index.php?rest_route=\/wp\/v2\/posts"}],"about":[{"href":"https:\/\/www.agriatv.hu\/index.php?rest_route=\/wp\/v2\/types\/post"}],"author":[{"embeddable":true,"href":"https:\/\/www.agriatv.hu\/index.php?rest_route=\/wp\/v2\/users\/4"}],"replies":[{"embeddable":true,"href":"https:\/\/www.agriatv.hu\/index.php?rest_route=%2Fwp%2Fv2%2Fcomments&post=18169"}],"version-history":[{"count":1,"href":"https:\/\/www.agriatv.hu\/index.php?rest_route=\/wp\/v2\/posts\/18169\/revisions"}],"predecessor-version":[{"id":18171,"href":"https:\/\/www.agriatv.hu\/index.php?rest_route=\/wp\/v2\/posts\/18169\/revisions\/18171"}],"wp:attachment":[{"href":"https:\/\/www.agriatv.hu\/index.php?rest_route=%2Fwp%2Fv2%2Fmedia&parent=18169"}],"wp:term":[{"taxonomy":"category","embeddable":true,"href":"https:\/\/www.agriatv.hu\/index.php?rest_route=%2Fwp%2Fv2%2Fcategories&post=18169"},{"taxonomy":"post_tag","embeddable":true,"href":"https:\/\/www.agriatv.hu\/index.php?rest_route=%2Fwp%2Fv2%2Ftags&post=18169"}],"curies":[{"name":"wp","href":"https:\/\/api.w.org\/{rel}","templated":true}]}}