{"id":18172,"date":"2017-09-19T19:36:41","date_gmt":"2017-09-19T19:36:41","guid":{"rendered":"http:\/\/www.agriatv.hu\/?p=18172"},"modified":"2017-09-19T19:36:41","modified_gmt":"2017-09-19T19:36:41","slug":"kresztabla-furta-at-a-navigatort","status":"publish","type":"post","link":"https:\/\/www.agriatv.hu\/?p=18172","title":{"rendered":"Kreszt\u00e1bla f\u00farta \u00e1t a navig\u00e1tort"},"content":{"rendered":"<p style=\"text-align: justify;\"><a href=\"https:\/\/www.agriatv.hu\/wp-content\/uploads\/2017\/09\/562559.325x183.jpg\"><img loading=\"lazy\" decoding=\"async\" class=\"alignleft wp-image-18173\" src=\"https:\/\/www.agriatv.hu\/wp-content\/uploads\/2017\/09\/562559.325x183-300x169.jpg\" alt=\"\" width=\"231\" height=\"130\" srcset=\"https:\/\/www.agriatv.hu\/wp-content\/uploads\/2017\/09\/562559.325x183-300x169.jpg 300w, https:\/\/www.agriatv.hu\/wp-content\/uploads\/2017\/09\/562559.325x183.jpg 325w\" sizes=\"auto, (max-width: 231px) 100vw, 231px\" \/><\/a>Belef\u00far\u00f3dott a kreszt\u00e1bla a navig\u00e1tor test\u00e9be- val\u00f3s\u00e1ggal sokkolta a rally-t\u00e1rsadalmat a h\u00e9tv\u00e9gi borsodi aut\u00f3baleset. Egy versenyz\u0151 szerint a kocsi legv\u00e9dtelenebb r\u00e9sz\u00e9n csap\u00f3dott be a vadvesz\u00e9lyre figyelmeztet\u0151 t\u00e1bla. Azt is mondja, hogy hi\u00e1ba olyan szigor\u00faak az el\u0151\u00edr\u00e1sok a versenyeken, m\u00e9gis minden versenyz\u0151 saj\u00e1t felel\u0151ss\u00e9g\u00e9re indul.<\/p>\n<p><iframe loading=\"lazy\" src=\"\/\/tenyek.hu\/neoplayer\/tv2\/embed\/244050_kresztabla-furta-at-a-navigatort.html\" width=\"640\" height=\"360\" frameborder=\"0\" scrolling=\"no\" allowfullscreen=\"allowfullscreen\"><\/iframe><\/p>\n","protected":false},"excerpt":{"rendered":"<p>Belef\u00far\u00f3dott a kreszt\u00e1bla a navig\u00e1tor test\u00e9be- val\u00f3s\u00e1ggal sokkolta a rally-t\u00e1rsadalmat a h\u00e9tv\u00e9gi borsodi aut\u00f3baleset. Egy versenyz\u0151 szerint a kocsi legv\u00e9dtelenebb r\u00e9sz\u00e9n csap\u00f3dott be a vadvesz\u00e9lyre figyelmeztet\u0151 t\u00e1bla. Azt is mondja, hogy hi\u00e1ba olyan szigor\u00faak az el\u0151\u00edr\u00e1sok a versenyeken, m\u00e9gis minden versenyz\u0151 saj\u00e1t felel\u0151ss\u00e9g\u00e9re indul.<\/p>\n","protected":false},"author":4,"featured_media":0,"comment_status":"open","ping_status":"closed","sticky":false,"template":"","format":"standard","meta":{"footnotes":""},"categories":[5],"tags":[41,2884,1005,2885],"class_list":["post-18172","post","type-post","status-publish","format-standard","hentry","category-kek-hirek","tag-baleset","tag-navigator","tag-rallye","tag-serules-tabla"],"_links":{"self":[{"href":"https:\/\/www.agriatv.hu\/index.php?rest_route=\/wp\/v2\/posts\/18172","targetHints":{"allow":["GET"]}}],"collection":[{"href":"https:\/\/www.agriatv.hu\/index.php?rest_route=\/wp\/v2\/posts"}],"about":[{"href":"https:\/\/www.agriatv.hu\/index.php?rest_route=\/wp\/v2\/types\/post"}],"author":[{"embeddable":true,"href":"https:\/\/www.agriatv.hu\/index.php?rest_route=\/wp\/v2\/users\/4"}],"replies":[{"embeddable":true,"href":"https:\/\/www.agriatv.hu\/index.php?rest_route=%2Fwp%2Fv2%2Fcomments&post=18172"}],"version-history":[{"count":1,"href":"https:\/\/www.agriatv.hu\/index.php?rest_route=\/wp\/v2\/posts\/18172\/revisions"}],"predecessor-version":[{"id":18174,"href":"https:\/\/www.agriatv.hu\/index.php?rest_route=\/wp\/v2\/posts\/18172\/revisions\/18174"}],"wp:attachment":[{"href":"https:\/\/www.agriatv.hu\/index.php?rest_route=%2Fwp%2Fv2%2Fmedia&parent=18172"}],"wp:term":[{"taxonomy":"category","embeddable":true,"href":"https:\/\/www.agriatv.hu\/index.php?rest_route=%2Fwp%2Fv2%2Fcategories&post=18172"},{"taxonomy":"post_tag","embeddable":true,"href":"https:\/\/www.agriatv.hu\/index.php?rest_route=%2Fwp%2Fv2%2Ftags&post=18172"}],"curies":[{"name":"wp","href":"https:\/\/api.w.org\/{rel}","templated":true}]}}