{"id":18175,"date":"2017-09-20T16:03:24","date_gmt":"2017-09-20T16:03:24","guid":{"rendered":"http:\/\/www.agriatv.hu\/?p=18175"},"modified":"2017-09-20T16:14:44","modified_gmt":"2017-09-20T16:14:44","slug":"tajolo-nap-a-tinodiban","status":"publish","type":"post","link":"https:\/\/www.agriatv.hu\/?p=18175","title":{"rendered":"\u201eT\u00e1jol\u00f3 nap\u201d a Tin\u00f3diban"},"content":{"rendered":"<p style=\"text-align: justify;\"><a href=\"https:\/\/www.agriatv.hu\/wp-content\/uploads\/2017\/09\/f-3.jpg\"><img loading=\"lazy\" decoding=\"async\" class=\"alignleft wp-image-18176\" src=\"https:\/\/www.agriatv.hu\/wp-content\/uploads\/2017\/09\/f-3-300x169.jpg\" alt=\"\" width=\"201\" height=\"113\" srcset=\"https:\/\/www.agriatv.hu\/wp-content\/uploads\/2017\/09\/f-3-300x169.jpg 300w, https:\/\/www.agriatv.hu\/wp-content\/uploads\/2017\/09\/f-3-768x432.jpg 768w, https:\/\/www.agriatv.hu\/wp-content\/uploads\/2017\/09\/f-3-1024x576.jpg 1024w, https:\/\/www.agriatv.hu\/wp-content\/uploads\/2017\/09\/f-3.jpg 1920w\" sizes=\"auto, (max-width: 201px) 100vw, 201px\" \/><\/a>Az Egri Foglalkoztat\u00e1si Paktum keret\u00e9ben a Heves Megyei Kereskedelmi \u00e9s Iparkamara els\u0151 \u00edzben tartotta meg az EduNet Alap\u00edtv\u00e1ny \u00e1ltal kidolgozott <strong>\u201eT\u00e1jol\u00f3 Nap\u201d<\/strong> c\u00edm\u0171 <strong>p\u00e1lyaorient\u00e1ci\u00f3s programj\u00e1t<\/strong>, melyen az Egri Balassi B\u00e1lint \u00c1ltal\u00e1nos Iskola Tin\u00f3di Sebesty\u00e9n Tagiskol\u00e1ja nyolcadik oszt\u00e1lyos di\u00e1kjai vettek r\u00e9szt.<\/p>\n<p style=\"text-align: justify;\">A megnyit\u00f3n R\u00e1zsi Botond az iskola igazgat\u00f3ja arra biztatta a k\u00f6zel negyven di\u00e1kot, hogy p\u00e1lyav\u00e1laszt\u00e1suk sor\u00e1n koncentr\u00e1ljanak az er\u0151ss\u00e9geikre, \u00e9s t\u00f6rekedjenek arra, hogy az adott szakm\u00e1ban \u0151k legyenek a legjobbak. \u00cdgy lesz k\u00e9s\u0151bb lehet\u0151s\u00e9g\u00fck arra, hogy feljebb l\u00e9pjenek a rangl\u00e9tr\u00e1n- mutatott r\u00e1 az igazgat\u00f3.<\/p>\n<p style=\"text-align: justify;\">Zahoreczn\u00e9 Kun Krisztina a HKIK p\u00e1lyaorient\u00e1ci\u00f3s tan\u00e1csad\u00f3ja hangs\u00falyozta, a T\u00e1jol\u00f3 nap legf\u0151bb c\u00e9lja, hogy a r\u00e9sztvev\u0151 tanul\u00f3k a munka vil\u00e1g\u00e1ban alapvet\u0151nek tekinthet\u0151, <strong>gyakorlati k\u00e9szs\u00e9geir\u0151l<\/strong> kaphatnak sokoldal\u00fa visszajelz\u00e9st, els\u0151sorban az er\u0151ss\u00e9gekre koncentr\u00e1lva.<\/p>\n<p style=\"text-align: justify;\">A feladatok 6 nagy t\u00e9mak\u00f6rt \u00f6leltek fel a m\u0171szaki, a kereskedelmi, az \u00fczleti \u00fcgyint\u00e9z\u0151i, a k\u00e9zm\u0171ves, a turisztikai-vend\u00e9gl\u00e1t\u00f3i \u00e9s az eg\u00e9szs\u00e9g\u00fcgyi-szoci\u00e1lis munkater\u00fclet.<\/p>\n<p style=\"text-align: justify;\">A nap folyam\u00e1n egy-egy szakmai ir\u00e1nyt k\u00e9pviselve forg\u00f3sz\u00ednpad szer\u0171en az egyes \u00e1llom\u00e1sokon 40 perc alatt kellett a tanul\u00f3knak 4-5 f\u0151s csoportokban egy\u00e9ni \u00e9s csoportos elm\u00e9leti \u00e9s gyakorlati feladatokat, szerepj\u00e1t\u00e9kokat megoldaniuk. Ek\u00f6zben megadott szempontok alapj\u00e1n a munkacsoport megfigyel\u0151i \u00e9rt\u00e9kelt\u00e9k \u0151ket \u00e9s r\u00f6gz\u00edtett\u00e9k a di\u00e1kok tev\u00e9kenys\u00e9g\u00e9re vonatkoz\u00f3 egyedi tapasztalataikat.<\/p>\n\n<div class=\"youtube-embed ye-container\" itemprop=\"video\" itemscope itemtype=\"https:\/\/schema.org\/VideoObject\">\n\t<meta itemprop=\"url\" content=\"https:\/\/www.youtube.com\/v\/sIjVqz25h4M\" \/>\n\t<meta itemprop=\"name\" content=\"\u201eT\u00e1jol\u00f3 nap\u201d a Tin\u00f3diban\" \/>\n\t<meta itemprop=\"description\" content=\"\u201eT\u00e1jol\u00f3 nap\u201d a Tin\u00f3diban\" \/>\n\t<meta itemprop=\"uploadDate\" content=\"2017-09-20T16:03:24+00:00\" \/>\n\t<meta itemprop=\"thumbnailUrl\" content=\"https:\/\/i.ytimg.com\/vi\/sIjVqz25h4M\/default.jpg\" \/>\n\t<meta itemprop=\"embedUrl\" content=\"https:\/\/www.youtube.com\/embed\/sIjVqz25h4M\" \/>\n\t<meta itemprop=\"height\" content=\"1080\" \/>\n\t<meta itemprop=\"width\" content=\"1920\" \/>\n\t<iframe loading=\"lazy\" style=\"border: 0;\" class=\"youtube-player\" width=\"1920\" height=\"1080\" src=\"https:\/\/www.youtube.com\/embed\/sIjVqz25h4M?modestbranding=1&fs=0&rel=0\"><\/iframe>\n<\/div>\n\n","protected":false},"excerpt":{"rendered":"<p>Az Egri Foglalkoztat\u00e1si Paktum keret\u00e9ben a Heves Megyei Kereskedelmi \u00e9s Iparkamara els\u0151 \u00edzben tartotta meg az EduNet Alap\u00edtv\u00e1ny \u00e1ltal kidolgozott \u201eT\u00e1jol\u00f3 Nap\u201d c\u00edm\u0171 p\u00e1lyaorient\u00e1ci\u00f3s programj\u00e1t, melyen az Egri Balassi B\u00e1lint \u00c1ltal\u00e1nos Iskola Tin\u00f3di Sebesty\u00e9n Tagiskol\u00e1ja nyolcadik oszt\u00e1lyos di\u00e1kjai vettek r\u00e9szt.<br \/>\nA megnyit\u00f3n R\u00e1zsi Botond az iskola igazgat\u00f3ja arra biztatta a k\u00f6zel negyven di\u00e1kot, hogy p\u00e1lyav\u00e1laszt\u00e1suk sor\u00e1n [&#8230;]<\/p>\n","protected":false},"author":4,"featured_media":0,"comment_status":"open","ping_status":"closed","sticky":false,"template":"","format":"standard","meta":{"footnotes":""},"categories":[6,450,9],"tags":[635,2886,631,2887],"class_list":["post-18175","post","type-post","status-publish","format-standard","hentry","category-belfold","category-gazdasag-2","category-oktatas","tag-gyakorlat","tag-palyaorientacio","tag-szakma","tag-tinodi"],"_links":{"self":[{"href":"https:\/\/www.agriatv.hu\/index.php?rest_route=\/wp\/v2\/posts\/18175","targetHints":{"allow":["GET"]}}],"collection":[{"href":"https:\/\/www.agriatv.hu\/index.php?rest_route=\/wp\/v2\/posts"}],"about":[{"href":"https:\/\/www.agriatv.hu\/index.php?rest_route=\/wp\/v2\/types\/post"}],"author":[{"embeddable":true,"href":"https:\/\/www.agriatv.hu\/index.php?rest_route=\/wp\/v2\/users\/4"}],"replies":[{"embeddable":true,"href":"https:\/\/www.agriatv.hu\/index.php?rest_route=%2Fwp%2Fv2%2Fcomments&post=18175"}],"version-history":[{"count":2,"href":"https:\/\/www.agriatv.hu\/index.php?rest_route=\/wp\/v2\/posts\/18175\/revisions"}],"predecessor-version":[{"id":18178,"href":"https:\/\/www.agriatv.hu\/index.php?rest_route=\/wp\/v2\/posts\/18175\/revisions\/18178"}],"wp:attachment":[{"href":"https:\/\/www.agriatv.hu\/index.php?rest_route=%2Fwp%2Fv2%2Fmedia&parent=18175"}],"wp:term":[{"taxonomy":"category","embeddable":true,"href":"https:\/\/www.agriatv.hu\/index.php?rest_route=%2Fwp%2Fv2%2Fcategories&post=18175"},{"taxonomy":"post_tag","embeddable":true,"href":"https:\/\/www.agriatv.hu\/index.php?rest_route=%2Fwp%2Fv2%2Ftags&post=18175"}],"curies":[{"name":"wp","href":"https:\/\/api.w.org\/{rel}","templated":true}]}}