{"id":18179,"date":"2017-09-20T19:45:19","date_gmt":"2017-09-20T19:45:19","guid":{"rendered":"http:\/\/www.agriatv.hu\/?p=18179"},"modified":"2017-09-20T19:45:19","modified_gmt":"2017-09-20T19:45:19","slug":"durva-gyerekorvosra-panaszkodnak","status":"publish","type":"post","link":"https:\/\/www.agriatv.hu\/?p=18179","title":{"rendered":"Durva gyerekorvosra panaszkodnak"},"content":{"rendered":"<p style=\"text-align: justify;\"><a href=\"https:\/\/www.agriatv.hu\/wp-content\/uploads\/2017\/09\/562717.325x183.jpg\"><img loading=\"lazy\" decoding=\"async\" class=\"alignleft wp-image-18180\" src=\"https:\/\/www.agriatv.hu\/wp-content\/uploads\/2017\/09\/562717.325x183-300x169.jpg\" alt=\"\" width=\"202\" height=\"114\" srcset=\"https:\/\/www.agriatv.hu\/wp-content\/uploads\/2017\/09\/562717.325x183-300x169.jpg 300w, https:\/\/www.agriatv.hu\/wp-content\/uploads\/2017\/09\/562717.325x183.jpg 325w\" sizes=\"auto, (max-width: 202px) 100vw, 202px\" \/><\/a>Betelt a poh\u00e1r a sz\u00fcl\u0151kn\u00e9l! Egy heves megyei falu gyerekorvosa ugyanis durva a gyerekekkel \u00e9s agressz\u00edv a sz\u00fcl\u0151kkel, ha seg\u00edts\u00e9g\u00e9rt fordulnak hozz\u00e1, ezt \u00e1ll\u00edtj\u00e1k. A sz\u00fcl\u0151k al\u00e1\u00edr\u00e1sgy\u0171jt\u00e9sbe kezdtek, hogy lev\u00e1lts\u00e1k az egyetlen gyerekorvost a telep\u00fcl\u00e9sen.<\/p>\n<p><iframe loading=\"lazy\" src=\"\/\/tenyek.hu\/neoplayer\/tv2\/embed\/244137_durva-gyerekorvosra-panaszkodnak.html\" width=\"640\" height=\"360\" frameborder=\"0\" scrolling=\"no\" allowfullscreen=\"allowfullscreen\"><\/iframe><\/p>\n","protected":false},"excerpt":{"rendered":"<p>Betelt a poh\u00e1r a sz\u00fcl\u0151kn\u00e9l! Egy heves megyei falu gyerekorvosa ugyanis durva a gyerekekkel \u00e9s agressz\u00edv a sz\u00fcl\u0151kkel, ha seg\u00edts\u00e9g\u00e9rt fordulnak hozz\u00e1, ezt \u00e1ll\u00edtj\u00e1k. A sz\u00fcl\u0151k al\u00e1\u00edr\u00e1sgy\u0171jt\u00e9sbe kezdtek, hogy lev\u00e1lts\u00e1k az egyetlen gyerekorvost a telep\u00fcl\u00e9sen.<\/p>\n","protected":false},"author":4,"featured_media":0,"comment_status":"open","ping_status":"closed","sticky":false,"template":"","format":"standard","meta":{"footnotes":""},"categories":[6,19],"tags":[2048,2888,320,217,1535,1764,1556,1182],"class_list":["post-18179","post","type-post","status-publish","format-standard","hentry","category-belfold","category-egeszseg","tag-apc","tag-durvasag","tag-gyermek","tag-onkormanyzat","tag-orvos","tag-panasz","tag-peticio","tag-vizsgalat"],"_links":{"self":[{"href":"https:\/\/www.agriatv.hu\/index.php?rest_route=\/wp\/v2\/posts\/18179","targetHints":{"allow":["GET"]}}],"collection":[{"href":"https:\/\/www.agriatv.hu\/index.php?rest_route=\/wp\/v2\/posts"}],"about":[{"href":"https:\/\/www.agriatv.hu\/index.php?rest_route=\/wp\/v2\/types\/post"}],"author":[{"embeddable":true,"href":"https:\/\/www.agriatv.hu\/index.php?rest_route=\/wp\/v2\/users\/4"}],"replies":[{"embeddable":true,"href":"https:\/\/www.agriatv.hu\/index.php?rest_route=%2Fwp%2Fv2%2Fcomments&post=18179"}],"version-history":[{"count":1,"href":"https:\/\/www.agriatv.hu\/index.php?rest_route=\/wp\/v2\/posts\/18179\/revisions"}],"predecessor-version":[{"id":18181,"href":"https:\/\/www.agriatv.hu\/index.php?rest_route=\/wp\/v2\/posts\/18179\/revisions\/18181"}],"wp:attachment":[{"href":"https:\/\/www.agriatv.hu\/index.php?rest_route=%2Fwp%2Fv2%2Fmedia&parent=18179"}],"wp:term":[{"taxonomy":"category","embeddable":true,"href":"https:\/\/www.agriatv.hu\/index.php?rest_route=%2Fwp%2Fv2%2Fcategories&post=18179"},{"taxonomy":"post_tag","embeddable":true,"href":"https:\/\/www.agriatv.hu\/index.php?rest_route=%2Fwp%2Fv2%2Ftags&post=18179"}],"curies":[{"name":"wp","href":"https:\/\/api.w.org\/{rel}","templated":true}]}}