{"id":18210,"date":"2017-09-26T19:35:39","date_gmt":"2017-09-26T19:35:39","guid":{"rendered":"http:\/\/www.agriatv.hu\/?p=18210"},"modified":"2017-09-26T19:35:39","modified_gmt":"2017-09-26T19:35:39","slug":"mit-tehet-a-buszsofor-a-bajban","status":"publish","type":"post","link":"https:\/\/www.agriatv.hu\/?p=18210","title":{"rendered":"Mit tehet a buszsof\u0151r a bajban"},"content":{"rendered":"<p style=\"text-align: justify;\"><a href=\"https:\/\/www.agriatv.hu\/wp-content\/uploads\/2017\/09\/563764.325x183.jpg\"><img loading=\"lazy\" decoding=\"async\" class=\"alignleft wp-image-18211\" src=\"https:\/\/www.agriatv.hu\/wp-content\/uploads\/2017\/09\/563764.325x183-300x169.jpg\" alt=\"\" width=\"225\" height=\"127\" srcset=\"https:\/\/www.agriatv.hu\/wp-content\/uploads\/2017\/09\/563764.325x183-300x169.jpg 300w, https:\/\/www.agriatv.hu\/wp-content\/uploads\/2017\/09\/563764.325x183.jpg 325w\" sizes=\"auto, (max-width: 225px) 100vw, 225px\" \/><\/a>Megt\u00e1madj\u00e1k a buszsof\u0151rt, lerobban a busz vagy nem hagyja mag\u00e1t igazoltatni egy utas az ellen\u0151rnek. Ilyen \u00e9s ehhez hasonl\u00f3 \u00e9lethelyzeteket gyakoroltak a Vol\u00e1nbusz dolgoz\u00f3i egy k\u00e9tnapos vet\u00e9lked\u0151n \u00e9s konferenci\u00e1n. Sof\u0151r\u00f6k, ellen\u0151r\u00f6k \u00e9s \u00fcgyf\u00e9lszolg\u00e1latosok is r\u00e9szt vettek a rendezv\u00e9nyen.<\/p>\n<p><iframe loading=\"lazy\" src=\"\/\/tenyek.hu\/neoplayer\/tv2\/embed\/244635_mit-tehet-a-buszsofor-a-bajban.html\" width=\"640\" height=\"360\" frameborder=\"0\" scrolling=\"no\" allowfullscreen=\"allowfullscreen\"><\/iframe><\/p>\n","protected":false},"excerpt":{"rendered":"<p>Megt\u00e1madj\u00e1k a buszsof\u0151rt, lerobban a busz vagy nem hagyja mag\u00e1t igazoltatni egy utas az ellen\u0151rnek. Ilyen \u00e9s ehhez hasonl\u00f3 \u00e9lethelyzeteket gyakoroltak a Vol\u00e1nbusz dolgoz\u00f3i egy k\u00e9tnapos vet\u00e9lked\u0151n \u00e9s konferenci\u00e1n. Sof\u0151r\u00f6k, ellen\u0151r\u00f6k \u00e9s \u00fcgyf\u00e9lszolg\u00e1latosok is r\u00e9szt vettek a rendezv\u00e9nyen.<\/p>\n","protected":false},"author":4,"featured_media":0,"comment_status":"open","ping_status":"closed","sticky":false,"template":"","format":"standard","meta":{"footnotes":""},"categories":[6],"tags":[1036,422,1213,628,2892],"class_list":["post-18210","post","type-post","status-publish","format-standard","hentry","category-belfold","tag-felsotarkany","tag-oktatas-2","tag-ugyfel","tag-utas","tag-volan"],"_links":{"self":[{"href":"https:\/\/www.agriatv.hu\/index.php?rest_route=\/wp\/v2\/posts\/18210","targetHints":{"allow":["GET"]}}],"collection":[{"href":"https:\/\/www.agriatv.hu\/index.php?rest_route=\/wp\/v2\/posts"}],"about":[{"href":"https:\/\/www.agriatv.hu\/index.php?rest_route=\/wp\/v2\/types\/post"}],"author":[{"embeddable":true,"href":"https:\/\/www.agriatv.hu\/index.php?rest_route=\/wp\/v2\/users\/4"}],"replies":[{"embeddable":true,"href":"https:\/\/www.agriatv.hu\/index.php?rest_route=%2Fwp%2Fv2%2Fcomments&post=18210"}],"version-history":[{"count":1,"href":"https:\/\/www.agriatv.hu\/index.php?rest_route=\/wp\/v2\/posts\/18210\/revisions"}],"predecessor-version":[{"id":18212,"href":"https:\/\/www.agriatv.hu\/index.php?rest_route=\/wp\/v2\/posts\/18210\/revisions\/18212"}],"wp:attachment":[{"href":"https:\/\/www.agriatv.hu\/index.php?rest_route=%2Fwp%2Fv2%2Fmedia&parent=18210"}],"wp:term":[{"taxonomy":"category","embeddable":true,"href":"https:\/\/www.agriatv.hu\/index.php?rest_route=%2Fwp%2Fv2%2Fcategories&post=18210"},{"taxonomy":"post_tag","embeddable":true,"href":"https:\/\/www.agriatv.hu\/index.php?rest_route=%2Fwp%2Fv2%2Ftags&post=18210"}],"curies":[{"name":"wp","href":"https:\/\/api.w.org\/{rel}","templated":true}]}}