{"id":18222,"date":"2017-10-02T19:46:30","date_gmt":"2017-10-02T19:46:30","guid":{"rendered":"http:\/\/www.agriatv.hu\/?p=18222"},"modified":"2017-10-02T19:46:41","modified_gmt":"2017-10-02T19:46:41","slug":"rafizetett-a-balesetre-nem-o-okozta","status":"publish","type":"post","link":"https:\/\/www.agriatv.hu\/?p=18222","title":{"rendered":"R\u00e1fizetett a balesetre, nem \u0151 okozta"},"content":{"rendered":"<p style=\"text-align: justify;\"><a href=\"https:\/\/www.agriatv.hu\/wp-content\/uploads\/2017\/10\/564890.720x405.jpg\"><img loading=\"lazy\" decoding=\"async\" class=\"alignleft wp-image-18223\" src=\"https:\/\/www.agriatv.hu\/wp-content\/uploads\/2017\/10\/564890.720x405-300x169.jpg\" alt=\"\" width=\"211\" height=\"119\" srcset=\"https:\/\/www.agriatv.hu\/wp-content\/uploads\/2017\/10\/564890.720x405-300x169.jpg 300w, https:\/\/www.agriatv.hu\/wp-content\/uploads\/2017\/10\/564890.720x405.jpg 720w\" sizes=\"auto, (max-width: 211px) 100vw, 211px\" \/><\/a>Aut\u00f3 el\u00e9 futott egy pszichi\u00e1triai beteg Szarvask\u0151 \u00e9s Eger k\u00f6z\u00f6tt. Egy f\u00e9rfi aut\u00f3j\u00e1ra vetette mag\u00e1t, aki szerencs\u00e9re m\u00e9g id\u0151ben reag\u00e1lt, \u00edgy siker\u00fclt elker\u00fclni a trag\u00e9di\u00e1t: a gondozottnak a kulcscsontja t\u00f6rt csak el. A sof\u0151rt viszont sokkolt\u00e1k a t\u00f6rt\u00e9ntek, az aut\u00f3ja eleje ripity\u00e1ra t\u00f6rt. B\u00edr\u00f3s\u00e1gra ment, de v\u00e9g\u00fcl \u0151 fizetett r\u00e1.<\/p>\n<p><iframe loading=\"lazy\" src=\"\/\/tenyek.hu\/neoplayer\/tv2\/embed\/245117_rafizetett-a-balesetre-nem-o-okozta.html\" width=\"640\" height=\"360\" frameborder=\"0\" scrolling=\"no\" allowfullscreen=\"allowfullscreen\"><\/iframe><\/p>\n<blockquote class=\"embedly-card\" data-card-controls=\"1\" data-card-align=\"center\" data-card-theme=\"light\" data-card-key=\"bbb82e0305934450ba516e363ef455a7\">\n<h4><a href=\"http:\/\/www.atv.hu\/videok\/video-20171002-vitatott-baleset\">ATV.hu<\/a><\/h4>\n<p>Az ATV az els\u0151 mag\u00e1ntelev\u00edzi\u00f3 haz\u00e1nkban. A min\u0151s\u00e9gi, sz\u00ednvonalas, magas \u00e9rt\u00e9krend\u0171 m\u0171sorok k\u00e9sz\u00edt\u00e9s\u00e9t \u00e9s sug\u00e1rz\u00e1s\u00e1t c\u00e9lul kit\u0171z\u0151 kereskedelmi csatorna.<\/p>\n<\/blockquote>\n<p><script async src=\"\/\/cdn.embedly.com\/widgets\/platform.js\" charset=\"UTF-8\"><\/script><\/p>\n","protected":false},"excerpt":{"rendered":"<p>Aut\u00f3 el\u00e9 futott egy pszichi\u00e1triai beteg Szarvask\u0151 \u00e9s Eger k\u00f6z\u00f6tt. Egy f\u00e9rfi aut\u00f3j\u00e1ra vetette mag\u00e1t, aki szerencs\u00e9re m\u00e9g id\u0151ben reag\u00e1lt, \u00edgy siker\u00fclt elker\u00fclni a trag\u00e9di\u00e1t: a gondozottnak a kulcscsontja t\u00f6rt csak el. A sof\u0151rt viszont sokkolt\u00e1k a t\u00f6rt\u00e9ntek, az aut\u00f3ja eleje ripity\u00e1ra t\u00f6rt. B\u00edr\u00f3s\u00e1gra ment, de v\u00e9g\u00fcl \u0151 fizetett r\u00e1.<\/p>\n<p>ATV.hu<br \/>\nAz ATV az els\u0151 mag\u00e1ntelev\u00edzi\u00f3 haz\u00e1nkban. [&#8230;]<\/p>\n","protected":false},"author":4,"featured_media":0,"comment_status":"open","ping_status":"closed","sticky":false,"template":"","format":"standard","meta":{"footnotes":""},"categories":[6,19,5],"tags":[41,1279,291],"class_list":["post-18222","post","type-post","status-publish","format-standard","hentry","category-belfold","category-egeszseg","category-kek-hirek","tag-baleset","tag-beteg","tag-szarvasko"],"_links":{"self":[{"href":"https:\/\/www.agriatv.hu\/index.php?rest_route=\/wp\/v2\/posts\/18222","targetHints":{"allow":["GET"]}}],"collection":[{"href":"https:\/\/www.agriatv.hu\/index.php?rest_route=\/wp\/v2\/posts"}],"about":[{"href":"https:\/\/www.agriatv.hu\/index.php?rest_route=\/wp\/v2\/types\/post"}],"author":[{"embeddable":true,"href":"https:\/\/www.agriatv.hu\/index.php?rest_route=\/wp\/v2\/users\/4"}],"replies":[{"embeddable":true,"href":"https:\/\/www.agriatv.hu\/index.php?rest_route=%2Fwp%2Fv2%2Fcomments&post=18222"}],"version-history":[{"count":1,"href":"https:\/\/www.agriatv.hu\/index.php?rest_route=\/wp\/v2\/posts\/18222\/revisions"}],"predecessor-version":[{"id":18224,"href":"https:\/\/www.agriatv.hu\/index.php?rest_route=\/wp\/v2\/posts\/18222\/revisions\/18224"}],"wp:attachment":[{"href":"https:\/\/www.agriatv.hu\/index.php?rest_route=%2Fwp%2Fv2%2Fmedia&parent=18222"}],"wp:term":[{"taxonomy":"category","embeddable":true,"href":"https:\/\/www.agriatv.hu\/index.php?rest_route=%2Fwp%2Fv2%2Fcategories&post=18222"},{"taxonomy":"post_tag","embeddable":true,"href":"https:\/\/www.agriatv.hu\/index.php?rest_route=%2Fwp%2Fv2%2Ftags&post=18222"}],"curies":[{"name":"wp","href":"https:\/\/api.w.org\/{rel}","templated":true}]}}