{"id":18244,"date":"2017-10-08T15:54:06","date_gmt":"2017-10-08T15:54:06","guid":{"rendered":"http:\/\/www.agriatv.hu\/?p=18244"},"modified":"2017-10-08T16:00:18","modified_gmt":"2017-10-08T16:00:18","slug":"isten-veled-nagypal-akos","status":"publish","type":"post","link":"https:\/\/www.agriatv.hu\/?p=18244","title":{"rendered":"Isten veled Nagyp\u00e1l \u00c1kos!"},"content":{"rendered":"<div id=\"cikkkompakt_12564_nagypal_akos_baratom_halalara_box\" class=\"cikkkompakt_box box articlelead\">\n<div class=\"inner\">\n<div class=\"articlenode articlecompactnode\" data-article_id=\"12564\" data-article_column_id=\"111\" data-article_user_id=\"13\" data-article_author_user_id=\"1\" data-article_published=\"1507477608\">\n<div class=\"article_lead\" style=\"text-align: justify;\"><strong><a href=\"https:\/\/www.agriatv.hu\/wp-content\/uploads\/2017\/10\/14004_nagypal_akos.jpg\"><img loading=\"lazy\" decoding=\"async\" class=\"alignleft wp-image-18245\" src=\"https:\/\/www.agriatv.hu\/wp-content\/uploads\/2017\/10\/14004_nagypal_akos-300x226.jpg\" alt=\"\" width=\"256\" height=\"193\" srcset=\"https:\/\/www.agriatv.hu\/wp-content\/uploads\/2017\/10\/14004_nagypal_akos-300x226.jpg 300w, https:\/\/www.agriatv.hu\/wp-content\/uploads\/2017\/10\/14004_nagypal_akos-768x578.jpg 768w, https:\/\/www.agriatv.hu\/wp-content\/uploads\/2017\/10\/14004_nagypal_akos-1024x770.jpg 1024w, https:\/\/www.agriatv.hu\/wp-content\/uploads\/2017\/10\/14004_nagypal_akos.jpg 1280w\" sizes=\"auto, (max-width: 256px) 100vw, 256px\" \/><\/a><span class=\"bb-mmtitle\"><span class=\"picture_title\">Nagyp\u00e1l \u00c1kos (1974-2017)<\/span><\/span><\/strong><\/div>\n<div><\/div>\n<div class=\"article_lead\" style=\"text-align: justify;\"><strong>A h\u00e9tv\u00e9g\u00e9n r\u00f6vid, s\u00falyos betegs\u00e9g k\u00f6vetkezt\u00e9ben elhunyt Nagyp\u00e1l \u00c1kos riporter, az egri k\u00f6z\u00e9let sokak \u00e1ltal ismert \u00e9s sokak \u00e1ltal szeretett szerepl\u0151je. Bar\u00e1tja \u00e9s koll\u00e9g\u00e1ja, K\u00e1csor Zsolt eml\u00e9kezik meg r\u00f3la.<\/strong><\/div>\n<div style=\"text-align: justify;\"><\/div>\n<div class=\"article_text gainlayout\" style=\"text-align: justify;\">Keveseket ismerek, akik n\u00e1la jobbak, kedvesebbek \u00e9s igazabbak voltak, de m\u00e9g kevesebbeket, akik ilyen j\u00f3, kedves \u00e9s igaz ember l\u00e9t\u00fckre annyi megrend\u00edt\u0151 csap\u00e1st kaptak volna a sorst\u00f3l, mint \u0151. Nem ezt az \u00e9letet \u00e9rdemelte, mondom most, hogy ennek a dr\u00e1ga, emberi \u00e9letnek v\u00e9ge van \u2013 pedig mennyire b\u00edztam \u00e9s hittem benne, hogy egyszer minden j\u00f3ra fordul. Azt hiszem, velem ellent\u00e9tben \u0151 m\u00e1r nem b\u00edzott \u00e9s nem hitt, de a mindig k\u00e9szs\u00e9ges \u00e9s kedves mosoly\u00e1val elhitette az ellenkez\u0151j\u00e9t. Olyan \u00f6nuralommal t\u0171rt, mint kevesek.\u00a0 Ha megk\u00e9rdeztem, hogyan \u00e9rzi mag\u00e1t, a r\u00e1 jellemz\u0151 finoms\u00e1ggal elmosolyodott, s azt v\u00e1laszolta: k\u00f6sz\u00f6n\u00f6m kedves k\u00e9rd\u00e9sedet, most m\u00e1r sokkal jobban. Ilyenkor nemigen hittem neki, de azt akartam hinni, hogy hiszek \u2013 hiszen nagyon szerettem.<\/div>\n<\/div>\n<\/div>\n<\/div>\n<article class=\"articlenode\" data-article_id=\"12564\" data-article_column_id=\"111\" data-article_user_id=\"13\" data-article_author_user_id=\"1\" data-article_published=\"1507477608\">\n<div class=\"article_text gainlayout\" style=\"text-align: justify;\">\n<p>Hab\u00e1r Egerben n\u0151tt\u00fcnk f\u00f6l mind a ketten, \u00e9s az \u00e9desanyj\u00e1val, Mikes M\u00e1rta \u00fajs\u00e1g\u00edr\u00f3n\u0151vel egy id\u0151ben ugyanann\u00e1l a lapn\u00e1l, a Heves Megyei h\u00edrlapn\u00e1l dolgoztunk, \u00e9n \u00c1kost nem az egri utc\u00e1kr\u00f3l ismertem, hanem a t\u00e9v\u00e9b\u0151l: a kilencenes \u00e9vek legelej\u00e9n a Most c\u00edm\u0171, fiataloknak sz\u00f3l\u00f3 m\u0171sort vezette, habitus\u00e1hoz \u00e9s k\u00e9pess\u00e9geihez m\u00e9lt\u00f3, igen magas sz\u00ednvonalon. Azt hittem, a f\u0151v\u00e1rosban marad, \u00e9s ott csin\u00e1l t\u00e9v\u00e9s karriert, de \u00c1kos nem a riporteri p\u00e1lyafut\u00e1s\u00e1t tartotta szem el\u0151tt, hanem a csal\u00e1dj\u00e1t. S\u00falyosan depresszi\u00f3s \u00e9desanyj\u00e1nak sz\u00fcks\u00e9ge volt a fi\u00e1ra, \u00c1kos ez\u00e9rt hazat\u00e9rt Egerbe, \u00e9s a helyi telev\u00edzi\u00f3 munkat\u00e1rsa lett. Minden t\u00falz\u00e1s n\u00e9lk\u00fcl \u00e1ll\u00edtom, hogy \u0151 volt az egri telev\u00edzi\u00f3 valaha volt legjobb riportere, kiv\u00e1l\u00f3an f\u00f6lk\u00e9sz\u00fclt, olvasott \u00e9s t\u00e1j\u00e9kozott szakember.<\/p>\n<p>Azt\u00e1n j\u00f6ttek sorra a mag\u00e1n\u00e9leti csap\u00e1sok.<\/p>\n<p>Eltemette im\u00e1dott \u00e9desanyj\u00e1t, majd a rajongva szeretett nagymam\u00e1j\u00e1t, Cs\u00f6pik\u00e9t gondozta \u00e9s \u00e1polta hossz\u00fa \u00e9veken \u00e1t sz\u00f3 szerint az utols\u00f3 percig. Jelen volt akkor is, amikor a Budapesten tan\u00e1rk\u00e9nt dolgoz\u00f3 \u00e9desapja meghalt: \u00fagy b\u00facs\u00fazott el t\u0151le, hogy \u00f3r\u00e1kon \u00e1t fogta a dr\u00e1ga halott kez\u00e9t \u00e9s besz\u00e9lt hozz\u00e1, hogy k\u00f6nnyebb legyen az \u00fatja oda\u00e1t \u2013 majd k\u00e9t \u00e9vvel ezel\u0151tt a m\u00e1sodik apjak\u00e9nt szeretett Puiu b\u00e1csit, Friciu Viorelt kellett az utols\u00f3 \u00fatj\u00e1ra k\u00eds\u00e9rnie.<\/p>\n<p>Az utols\u00f3 \u00e9vekben hi\u00e1ba kapott oly sok szeretetet a szerelm\u00e9t\u0151l, s hi\u00e1ba szerett\u00fck mi, a bar\u00e1tai is, \u00c1kost valamik\u00e9ppen mindig a mag\u00e1ny lengte k\u00f6rbe. Nem tudom megmagyar\u00e1zni ezt az \u00e9rz\u00e9st, hiszen \u00c1kos csak nagyon ritk\u00e1n panaszkodott. B\u00edztam benne, eg\u00e9szen mostan\u00e1ig b\u00edztam \u00e9s hittem benne, hogy m\u00e9g sok\u00e1ig k\u00f6zt\u00fcnk marad.<\/p>\n<p>Most pedig azt akarom elhitetni magammal, hogy ha tal\u00e1lkozn\u00e1nk, szok\u00e1s szerint megint mosolyogna, s a hogyl\u00e9t\u00e9t firtat\u00f3 k\u00e9rd\u00e9semre csak annyit mondana: k\u00f6sz\u00f6n\u00f6m, most m\u00e1r sokkal jobban.<\/p>\n<p>Nyugodj b\u00e9k\u00e9ben, dr\u00e1ga bar\u00e1tom.<\/p>\n<p>&nbsp;<\/p>\n<p><br class=\"bb-br\" \/>Nagyp\u00e1l \u00c1kost az Egri V\u00e1rosi Telev\u00edzi\u00f3 saj\u00e1t halottj\u00e1nak tekinti.<\/p>\n<p>Fot\u00f3: K\u00e1csor Zsolt<\/p>\n<p>Forr\u00e1s: Egrisz\u00edn<\/p>\n<p>&nbsp;<\/p>\n<p>&nbsp;<\/p>\n<\/div>\n<\/article>\n","protected":false},"excerpt":{"rendered":"<p>Nagyp\u00e1l \u00c1kos (1974-2017)<\/p>\n<p>A h\u00e9tv\u00e9g\u00e9n r\u00f6vid, s\u00falyos betegs\u00e9g k\u00f6vetkezt\u00e9ben elhunyt Nagyp\u00e1l \u00c1kos riporter, az egri k\u00f6z\u00e9let sokak \u00e1ltal ismert \u00e9s sokak \u00e1ltal szeretett szerepl\u0151je. Bar\u00e1tja \u00e9s koll\u00e9g\u00e1ja, K\u00e1csor Zsolt eml\u00e9kezik meg r\u00f3la.<\/p>\n<p>Keveseket ismerek, akik n\u00e1la jobbak, kedvesebbek \u00e9s igazabbak voltak, de m\u00e9g kevesebbeket, akik ilyen j\u00f3, kedves \u00e9s igaz ember l\u00e9t\u00fckre annyi megrend\u00edt\u0151 csap\u00e1st kaptak volna [&#8230;]<\/p>\n","protected":false},"author":4,"featured_media":0,"comment_status":"open","ping_status":"closed","sticky":false,"template":"","format":"standard","meta":{"footnotes":""},"categories":[6,8],"tags":[36,2897],"class_list":["post-18244","post","type-post","status-publish","format-standard","hentry","category-belfold","category-kultura","tag-eger","tag-nagypal-akos"],"_links":{"self":[{"href":"https:\/\/www.agriatv.hu\/index.php?rest_route=\/wp\/v2\/posts\/18244","targetHints":{"allow":["GET"]}}],"collection":[{"href":"https:\/\/www.agriatv.hu\/index.php?rest_route=\/wp\/v2\/posts"}],"about":[{"href":"https:\/\/www.agriatv.hu\/index.php?rest_route=\/wp\/v2\/types\/post"}],"author":[{"embeddable":true,"href":"https:\/\/www.agriatv.hu\/index.php?rest_route=\/wp\/v2\/users\/4"}],"replies":[{"embeddable":true,"href":"https:\/\/www.agriatv.hu\/index.php?rest_route=%2Fwp%2Fv2%2Fcomments&post=18244"}],"version-history":[{"count":4,"href":"https:\/\/www.agriatv.hu\/index.php?rest_route=\/wp\/v2\/posts\/18244\/revisions"}],"predecessor-version":[{"id":18249,"href":"https:\/\/www.agriatv.hu\/index.php?rest_route=\/wp\/v2\/posts\/18244\/revisions\/18249"}],"wp:attachment":[{"href":"https:\/\/www.agriatv.hu\/index.php?rest_route=%2Fwp%2Fv2%2Fmedia&parent=18244"}],"wp:term":[{"taxonomy":"category","embeddable":true,"href":"https:\/\/www.agriatv.hu\/index.php?rest_route=%2Fwp%2Fv2%2Fcategories&post=18244"},{"taxonomy":"post_tag","embeddable":true,"href":"https:\/\/www.agriatv.hu\/index.php?rest_route=%2Fwp%2Fv2%2Ftags&post=18244"}],"curies":[{"name":"wp","href":"https:\/\/api.w.org\/{rel}","templated":true}]}}