{"id":18280,"date":"2017-10-16T20:28:30","date_gmt":"2017-10-16T20:28:30","guid":{"rendered":"http:\/\/www.agriatv.hu\/?p=18280"},"modified":"2017-10-16T20:28:30","modified_gmt":"2017-10-16T20:28:30","slug":"dragul-az-epitkezes","status":"publish","type":"post","link":"https:\/\/www.agriatv.hu\/?p=18280","title":{"rendered":"Dr\u00e1gul az \u00e9p\u00edtkez\u00e9s"},"content":{"rendered":"<p style=\"text-align: justify;\"><a href=\"https:\/\/www.agriatv.hu\/wp-content\/uploads\/2017\/10\/567532.325x183.jpg\"><img loading=\"lazy\" decoding=\"async\" class=\"alignleft wp-image-18281\" src=\"https:\/\/www.agriatv.hu\/wp-content\/uploads\/2017\/10\/567532.325x183-300x169.jpg\" alt=\"\" width=\"192\" height=\"108\" srcset=\"https:\/\/www.agriatv.hu\/wp-content\/uploads\/2017\/10\/567532.325x183-300x169.jpg 300w, https:\/\/www.agriatv.hu\/wp-content\/uploads\/2017\/10\/567532.325x183.jpg 325w\" sizes=\"auto, (max-width: 192px) 100vw, 192px\" \/><\/a>Brut\u00e1lis \u00e1remelked\u00e9sek az \u00e9p\u00edt\u0151iparban. A piacon 20-25%-os n\u00f6veked\u00e9st lehet tapasztalni, ami miatt a kivitelez\u0151k k\u00e9nytelenek a v\u00e1llal\u00e1si \u00e1rat is megemelni. K\u00fcl\u00f6n\u00f6sen a h\u0151szigetel\u0151anyagok \u00e1ra ugrott meg a tavalyi \u00e9vhez k\u00e9pest.De dr\u00e1gult a csempe, a cser\u00e9p, a faanyag a beton, \u00e9s a fuvard\u00edjak is.<\/p>\n<p><iframe loading=\"lazy\" src=\"\/\/tenyek.hu\/neoplayer\/tv2\/embed\/246276_dragul-az-epitkezes.html\" width=\"640\" height=\"360\" frameborder=\"0\" scrolling=\"no\" allowfullscreen=\"allowfullscreen\"><\/iframe><\/p>\n","protected":false},"excerpt":{"rendered":"<p>Brut\u00e1lis \u00e1remelked\u00e9sek az \u00e9p\u00edt\u0151iparban. A piacon 20-25%-os n\u00f6veked\u00e9st lehet tapasztalni, ami miatt a kivitelez\u0151k k\u00e9nytelenek a v\u00e1llal\u00e1si \u00e1rat is megemelni. K\u00fcl\u00f6n\u00f6sen a h\u0151szigetel\u0151anyagok \u00e1ra ugrott meg a tavalyi \u00e9vhez k\u00e9pest.De dr\u00e1gult a csempe, a cser\u00e9p, a faanyag a beton, \u00e9s a fuvard\u00edjak is.<\/p>\n","protected":false},"author":4,"featured_media":0,"comment_status":"open","ping_status":"closed","sticky":false,"template":"","format":"standard","meta":{"footnotes":""},"categories":[6,450],"tags":[2907,1674,2908,2208,1036,882,1452,2447],"class_list":["post-18280","post","type-post","status-publish","format-standard","hentry","category-belfold","category-gazdasag-2","tag-anyag","tag-ar","tag-emelkedes","tag-epitkezes","tag-felsotarkany","tag-hatarido","tag-haz","tag-koltseg"],"_links":{"self":[{"href":"https:\/\/www.agriatv.hu\/index.php?rest_route=\/wp\/v2\/posts\/18280","targetHints":{"allow":["GET"]}}],"collection":[{"href":"https:\/\/www.agriatv.hu\/index.php?rest_route=\/wp\/v2\/posts"}],"about":[{"href":"https:\/\/www.agriatv.hu\/index.php?rest_route=\/wp\/v2\/types\/post"}],"author":[{"embeddable":true,"href":"https:\/\/www.agriatv.hu\/index.php?rest_route=\/wp\/v2\/users\/4"}],"replies":[{"embeddable":true,"href":"https:\/\/www.agriatv.hu\/index.php?rest_route=%2Fwp%2Fv2%2Fcomments&post=18280"}],"version-history":[{"count":1,"href":"https:\/\/www.agriatv.hu\/index.php?rest_route=\/wp\/v2\/posts\/18280\/revisions"}],"predecessor-version":[{"id":18282,"href":"https:\/\/www.agriatv.hu\/index.php?rest_route=\/wp\/v2\/posts\/18280\/revisions\/18282"}],"wp:attachment":[{"href":"https:\/\/www.agriatv.hu\/index.php?rest_route=%2Fwp%2Fv2%2Fmedia&parent=18280"}],"wp:term":[{"taxonomy":"category","embeddable":true,"href":"https:\/\/www.agriatv.hu\/index.php?rest_route=%2Fwp%2Fv2%2Fcategories&post=18280"},{"taxonomy":"post_tag","embeddable":true,"href":"https:\/\/www.agriatv.hu\/index.php?rest_route=%2Fwp%2Fv2%2Ftags&post=18280"}],"curies":[{"name":"wp","href":"https:\/\/api.w.org\/{rel}","templated":true}]}}