{"id":18292,"date":"2017-10-18T19:22:26","date_gmt":"2017-10-18T19:22:26","guid":{"rendered":"http:\/\/www.agriatv.hu\/?p=18292"},"modified":"2017-10-18T19:23:09","modified_gmt":"2017-10-18T19:23:09","slug":"vegignezte-apja-halalat-a-kisfiu","status":"publish","type":"post","link":"https:\/\/www.agriatv.hu\/?p=18292","title":{"rendered":"K\u00e9t halott Heves megye \u00fatjain is"},"content":{"rendered":"<p style=\"text-align: justify;\"><a href=\"https:\/\/www.agriatv.hu\/wp-content\/uploads\/2017\/10\/567948.325x183.jpg\"><img loading=\"lazy\" decoding=\"async\" class=\"alignleft wp-image-18293\" src=\"https:\/\/www.agriatv.hu\/wp-content\/uploads\/2017\/10\/567948.325x183-300x169.jpg\" alt=\"\" width=\"225\" height=\"127\" srcset=\"https:\/\/www.agriatv.hu\/wp-content\/uploads\/2017\/10\/567948.325x183-300x169.jpg 300w, https:\/\/www.agriatv.hu\/wp-content\/uploads\/2017\/10\/567948.325x183.jpg 325w\" sizes=\"auto, (max-width: 225px) 100vw, 225px\" \/><\/a>\u00dajabb feketenap az utakon, n\u00e9gy ember halt meg 24 \u00f3ra alatt. Az M1-es aut\u00f3p\u00e1ly\u00e1n 12 \u00e9ves fia szeme l\u00e1tt\u00e1ra halt meg egy f\u00e9rfi, amikor a le\u00e1ll\u00f3s\u00e1vban \u00e1ll\u00f3 kocsijukat letarolta egy kamion. Karcagn\u00e1l pedig egy gazd\u00e1t g\u00e1zoltak hal\u00e1lra, aki arat\u00e1s ut\u00e1n vitte bevizsg\u00e1lni kukoric\u00e1j\u00e1t az \u00fat t\u00faloldal\u00e1n l\u00e9v\u0151 \u00fczembe.<\/p>\n<p><iframe loading=\"lazy\" src=\"\/\/tenyek.hu\/neoplayer\/tv2\/embed\/246429_vegignezte-apja-halalat-a-kisfiu.html\" width=\"640\" height=\"360\" frameborder=\"0\" scrolling=\"no\" allowfullscreen=\"allowfullscreen\"><\/iframe><\/p>\n<blockquote class=\"embedly-card\" data-card-controls=\"1\" data-card-align=\"center\" data-card-theme=\"light\" data-card-key=\"bbb82e0305934450ba516e363ef455a7\">\n<h4><a href=\"http:\/\/www.atv.hu\/videok\/video-20171018-halalos-balesetek\">ATV.hu<\/a><\/h4>\n<p>Az ATV az els\u0151 mag\u00e1ntelev\u00edzi\u00f3 haz\u00e1nkban. A min\u0151s\u00e9gi, sz\u00ednvonalas, magas \u00e9rt\u00e9krend\u0171 m\u0171sorok k\u00e9sz\u00edt\u00e9s\u00e9t \u00e9s sug\u00e1rz\u00e1s\u00e1t c\u00e9lul kit\u0171z\u0151 kereskedelmi csatorna.<\/p>\n<\/blockquote>\n<p><script async src=\"\/\/cdn.embedly.com\/widgets\/platform.js\" charset=\"UTF-8\"><\/script><\/p>\n","protected":false},"excerpt":{"rendered":"<p>\u00dajabb feketenap az utakon, n\u00e9gy ember halt meg 24 \u00f3ra alatt. Az M1-es aut\u00f3p\u00e1ly\u00e1n 12 \u00e9ves fia szeme l\u00e1tt\u00e1ra halt meg egy f\u00e9rfi, amikor a le\u00e1ll\u00f3s\u00e1vban \u00e1ll\u00f3 kocsijukat letarolta egy kamion. Karcagn\u00e1l pedig egy gazd\u00e1t g\u00e1zoltak hal\u00e1lra, aki arat\u00e1s ut\u00e1n vitte bevizsg\u00e1lni kukoric\u00e1j\u00e1t az \u00fat t\u00faloldal\u00e1n l\u00e9v\u0151 \u00fczembe.<\/p>\n<p>ATV.hu<br \/>\nAz ATV az els\u0151 mag\u00e1ntelev\u00edzi\u00f3 haz\u00e1nkban. A min\u0151s\u00e9gi, [&#8230;]<\/p>\n","protected":false},"author":4,"featured_media":0,"comment_status":"open","ping_status":"closed","sticky":false,"template":"","format":"standard","meta":{"footnotes":""},"categories":[5],"tags":[41,771,122],"class_list":["post-18292","post","type-post","status-publish","format-standard","hentry","category-kek-hirek","tag-baleset","tag-halal","tag-rendorseg"],"_links":{"self":[{"href":"https:\/\/www.agriatv.hu\/index.php?rest_route=\/wp\/v2\/posts\/18292","targetHints":{"allow":["GET"]}}],"collection":[{"href":"https:\/\/www.agriatv.hu\/index.php?rest_route=\/wp\/v2\/posts"}],"about":[{"href":"https:\/\/www.agriatv.hu\/index.php?rest_route=\/wp\/v2\/types\/post"}],"author":[{"embeddable":true,"href":"https:\/\/www.agriatv.hu\/index.php?rest_route=\/wp\/v2\/users\/4"}],"replies":[{"embeddable":true,"href":"https:\/\/www.agriatv.hu\/index.php?rest_route=%2Fwp%2Fv2%2Fcomments&post=18292"}],"version-history":[{"count":2,"href":"https:\/\/www.agriatv.hu\/index.php?rest_route=\/wp\/v2\/posts\/18292\/revisions"}],"predecessor-version":[{"id":18295,"href":"https:\/\/www.agriatv.hu\/index.php?rest_route=\/wp\/v2\/posts\/18292\/revisions\/18295"}],"wp:attachment":[{"href":"https:\/\/www.agriatv.hu\/index.php?rest_route=%2Fwp%2Fv2%2Fmedia&parent=18292"}],"wp:term":[{"taxonomy":"category","embeddable":true,"href":"https:\/\/www.agriatv.hu\/index.php?rest_route=%2Fwp%2Fv2%2Fcategories&post=18292"},{"taxonomy":"post_tag","embeddable":true,"href":"https:\/\/www.agriatv.hu\/index.php?rest_route=%2Fwp%2Fv2%2Ftags&post=18292"}],"curies":[{"name":"wp","href":"https:\/\/api.w.org\/{rel}","templated":true}]}}