{"id":18341,"date":"2017-11-07T20:26:43","date_gmt":"2017-11-07T20:26:43","guid":{"rendered":"http:\/\/www.agriatv.hu\/?p=18341"},"modified":"2017-11-07T20:26:43","modified_gmt":"2017-11-07T20:26:43","slug":"orvost-vertek-a-hatvani-korhazban","status":"publish","type":"post","link":"https:\/\/www.agriatv.hu\/?p=18341","title":{"rendered":"Orvost vertek a hatvani k\u00f3rh\u00e1zban"},"content":{"rendered":"<p style=\"text-align: justify;\"><a href=\"https:\/\/www.agriatv.hu\/wp-content\/uploads\/2017\/11\/571907.325x183.jpg\"><img loading=\"lazy\" decoding=\"async\" class=\"alignleft wp-image-18342\" src=\"https:\/\/www.agriatv.hu\/wp-content\/uploads\/2017\/11\/571907.325x183-300x169.jpg\" alt=\"\" width=\"234\" height=\"132\" srcset=\"https:\/\/www.agriatv.hu\/wp-content\/uploads\/2017\/11\/571907.325x183-300x169.jpg 300w, https:\/\/www.agriatv.hu\/wp-content\/uploads\/2017\/11\/571907.325x183.jpg 325w\" sizes=\"auto, (max-width: 234px) 100vw, 234px\" \/><\/a>Megverte az \u00fcgyeletes orvost egy csal\u00e1d a hatvani k\u00f3rh\u00e1zban. Az \u00e1ldozat s\u00falyosan megs\u00e9r\u00fclt, 8 napon t\u00fal gy\u00f3gyul\u00f3 s\u00e9r\u00fcl\u00e9seket szenvedett. A k\u00e9t f\u00e9rfinak \u00e9s a n\u0151nek az volt a probl\u00e9m\u00e1ja, hogy nem l\u00e1tt\u00e1k el azonnal a vel\u00fck l\u00e9v\u0151 kisgyereket az \u00fcgyeleten. Hangoskodtak, ezut\u00e1n pedig megvert\u00e9k az orvost, aki r\u00e1juk sz\u00f3lt, hogy ne ordib\u00e1ljanak.<\/p>\n<p><iframe loading=\"lazy\" src=\"\/\/tenyek.hu\/neoplayer\/tv2\/embed\/248153_orvost-vertek-a-hatvani-korhazban.html\" width=\"640\" height=\"360\" frameborder=\"0\" scrolling=\"no\" allowfullscreen=\"allowfullscreen\"><\/iframe><\/p>\n","protected":false},"excerpt":{"rendered":"<p>Megverte az \u00fcgyeletes orvost egy csal\u00e1d a hatvani k\u00f3rh\u00e1zban. Az \u00e1ldozat s\u00falyosan megs\u00e9r\u00fclt, 8 napon t\u00fal gy\u00f3gyul\u00f3 s\u00e9r\u00fcl\u00e9seket szenvedett. A k\u00e9t f\u00e9rfinak \u00e9s a n\u0151nek az volt a probl\u00e9m\u00e1ja, hogy nem l\u00e1tt\u00e1k el azonnal a vel\u00fck l\u00e9v\u0151 kisgyereket az \u00fcgyeleten. Hangoskodtak, ezut\u00e1n pedig megvert\u00e9k az orvost, aki r\u00e1juk sz\u00f3lt, hogy ne ordib\u00e1ljanak.<\/p>\n","protected":false},"author":4,"featured_media":0,"comment_status":"open","ping_status":"closed","sticky":false,"template":"","format":"standard","meta":{"footnotes":""},"categories":[5],"tags":[236,713,1535,122,447,1565],"class_list":["post-18341","post","type-post","status-publish","format-standard","hentry","category-kek-hirek","tag-hatvan","tag-korhaz","tag-orvos","tag-rendorseg","tag-ugyeszseg","tag-veres"],"_links":{"self":[{"href":"https:\/\/www.agriatv.hu\/index.php?rest_route=\/wp\/v2\/posts\/18341","targetHints":{"allow":["GET"]}}],"collection":[{"href":"https:\/\/www.agriatv.hu\/index.php?rest_route=\/wp\/v2\/posts"}],"about":[{"href":"https:\/\/www.agriatv.hu\/index.php?rest_route=\/wp\/v2\/types\/post"}],"author":[{"embeddable":true,"href":"https:\/\/www.agriatv.hu\/index.php?rest_route=\/wp\/v2\/users\/4"}],"replies":[{"embeddable":true,"href":"https:\/\/www.agriatv.hu\/index.php?rest_route=%2Fwp%2Fv2%2Fcomments&post=18341"}],"version-history":[{"count":1,"href":"https:\/\/www.agriatv.hu\/index.php?rest_route=\/wp\/v2\/posts\/18341\/revisions"}],"predecessor-version":[{"id":18343,"href":"https:\/\/www.agriatv.hu\/index.php?rest_route=\/wp\/v2\/posts\/18341\/revisions\/18343"}],"wp:attachment":[{"href":"https:\/\/www.agriatv.hu\/index.php?rest_route=%2Fwp%2Fv2%2Fmedia&parent=18341"}],"wp:term":[{"taxonomy":"category","embeddable":true,"href":"https:\/\/www.agriatv.hu\/index.php?rest_route=%2Fwp%2Fv2%2Fcategories&post=18341"},{"taxonomy":"post_tag","embeddable":true,"href":"https:\/\/www.agriatv.hu\/index.php?rest_route=%2Fwp%2Fv2%2Ftags&post=18341"}],"curies":[{"name":"wp","href":"https:\/\/api.w.org\/{rel}","templated":true}]}}