{"id":18370,"date":"2017-11-14T20:07:06","date_gmt":"2017-11-14T20:07:06","guid":{"rendered":"http:\/\/www.agriatv.hu\/?p=18370"},"modified":"2017-11-14T20:07:06","modified_gmt":"2017-11-14T20:07:06","slug":"azbeszt-aldozatok-nincs-karterites","status":"publish","type":"post","link":"https:\/\/www.agriatv.hu\/?p=18370","title":{"rendered":"Azbeszt-\u00e1ldozatok: nincs k\u00e1rt\u00e9r\u00edt\u00e9s"},"content":{"rendered":"<div id=\"cikktorzs_inner\" style=\"text-align: justify;\"><a href=\"https:\/\/www.agriatv.hu\/wp-content\/uploads\/2017\/11\/573222.325x183.jpg\"><img loading=\"lazy\" decoding=\"async\" class=\"alignleft wp-image-18371\" src=\"https:\/\/www.agriatv.hu\/wp-content\/uploads\/2017\/11\/573222.325x183-300x169.jpg\" alt=\"\" width=\"224\" height=\"126\" srcset=\"https:\/\/www.agriatv.hu\/wp-content\/uploads\/2017\/11\/573222.325x183-300x169.jpg 300w, https:\/\/www.agriatv.hu\/wp-content\/uploads\/2017\/11\/573222.325x183.jpg 325w\" sizes=\"auto, (max-width: 224px) 100vw, 224px\" \/><\/a>Nem kapnak k\u00e1rt\u00e9r\u00edt\u00e9st az azbeszt-k\u00e1rosultak. A F\u0151v\u00e1rosi \u00cdt\u00e9l\u0151t\u00e1bla helybenhagyta az els\u0151fok\u00fa \u00edt\u00e9letet, mely szerint nincs felel\u0151ss\u00e9ge az \u00e1llamnak. Nyolcan ind\u00edtottak pert h\u00e1rom \u00e9ve, m\u00e1r egyik\u00fck sem \u00e9l. Az elhunytak rokonai sajn\u00e1lj\u00e1k, hogy tov\u00e1bbra sincs felel\u0151se szeretteik tragikus elveszt\u00e9s\u00e9nek, v\u00e9gs\u0151 seg\u00edts\u00e9gk\u00e9nt a K\u00fari\u00e1hoz fordulnak.<\/div>\n<p><iframe loading=\"lazy\" src=\"\/\/tenyek.hu\/neoplayer\/tv2\/embed\/248775_azbeszt-aldozatok-nincs-karterites.html\" width=\"640\" height=\"360\" frameborder=\"0\" scrolling=\"no\" allowfullscreen=\"allowfullscreen\"><\/iframe><\/p>\n","protected":false},"excerpt":{"rendered":"<p>Nem kapnak k\u00e1rt\u00e9r\u00edt\u00e9st az azbeszt-k\u00e1rosultak. A F\u0151v\u00e1rosi \u00cdt\u00e9l\u0151t\u00e1bla helybenhagyta az els\u0151fok\u00fa \u00edt\u00e9letet, mely szerint nincs felel\u0151ss\u00e9ge az \u00e1llamnak. Nyolcan ind\u00edtottak pert h\u00e1rom \u00e9ve, m\u00e1r egyik\u00fck sem \u00e9l. Az elhunytak rokonai sajn\u00e1lj\u00e1k, hogy tov\u00e1bbra sincs felel\u0151se szeretteik tragikus elveszt\u00e9s\u00e9nek, v\u00e9gs\u0151 seg\u00edts\u00e9gk\u00e9nt a K\u00fari\u00e1hoz fordulnak.<\/p>\n","protected":false},"author":4,"featured_media":0,"comment_status":"open","ping_status":"closed","sticky":false,"template":"","format":"standard","meta":{"footnotes":""},"categories":[6],"tags":[1980,1738,71,771,1130,1030],"class_list":["post-18370","post","type-post","status-publish","format-standard","hentry","category-belfold","tag-azbeszt","tag-betegseg","tag-birosag","tag-halal","tag-karterites","tag-per"],"_links":{"self":[{"href":"https:\/\/www.agriatv.hu\/index.php?rest_route=\/wp\/v2\/posts\/18370","targetHints":{"allow":["GET"]}}],"collection":[{"href":"https:\/\/www.agriatv.hu\/index.php?rest_route=\/wp\/v2\/posts"}],"about":[{"href":"https:\/\/www.agriatv.hu\/index.php?rest_route=\/wp\/v2\/types\/post"}],"author":[{"embeddable":true,"href":"https:\/\/www.agriatv.hu\/index.php?rest_route=\/wp\/v2\/users\/4"}],"replies":[{"embeddable":true,"href":"https:\/\/www.agriatv.hu\/index.php?rest_route=%2Fwp%2Fv2%2Fcomments&post=18370"}],"version-history":[{"count":1,"href":"https:\/\/www.agriatv.hu\/index.php?rest_route=\/wp\/v2\/posts\/18370\/revisions"}],"predecessor-version":[{"id":18372,"href":"https:\/\/www.agriatv.hu\/index.php?rest_route=\/wp\/v2\/posts\/18370\/revisions\/18372"}],"wp:attachment":[{"href":"https:\/\/www.agriatv.hu\/index.php?rest_route=%2Fwp%2Fv2%2Fmedia&parent=18370"}],"wp:term":[{"taxonomy":"category","embeddable":true,"href":"https:\/\/www.agriatv.hu\/index.php?rest_route=%2Fwp%2Fv2%2Fcategories&post=18370"},{"taxonomy":"post_tag","embeddable":true,"href":"https:\/\/www.agriatv.hu\/index.php?rest_route=%2Fwp%2Fv2%2Ftags&post=18370"}],"curies":[{"name":"wp","href":"https:\/\/api.w.org\/{rel}","templated":true}]}}