{"id":18428,"date":"2017-11-28T19:32:16","date_gmt":"2017-11-28T19:32:16","guid":{"rendered":"http:\/\/www.agriatv.hu\/?p=18428"},"modified":"2017-11-28T19:32:16","modified_gmt":"2017-11-28T19:32:16","slug":"jonnek-a-nappali-minuszok","status":"publish","type":"post","link":"https:\/\/www.agriatv.hu\/?p=18428","title":{"rendered":"J\u00f6nnek a nappali m\u00ednuszok"},"content":{"rendered":"<p style=\"text-align: justify;\"><a href=\"https:\/\/www.agriatv.hu\/wp-content\/uploads\/2017\/11\/575447.325x183.jpg\"><img loading=\"lazy\" decoding=\"async\" class=\"alignleft  wp-image-18429\" src=\"https:\/\/www.agriatv.hu\/wp-content\/uploads\/2017\/11\/575447.325x183-300x169.jpg\" alt=\"\" width=\"197\" height=\"111\" srcset=\"https:\/\/www.agriatv.hu\/wp-content\/uploads\/2017\/11\/575447.325x183-300x169.jpg 300w, https:\/\/www.agriatv.hu\/wp-content\/uploads\/2017\/11\/575447.325x183.jpg 325w\" sizes=\"auto, (max-width: 197px) 100vw, 197px\" \/><\/a>Nyakunkon a t\u00e9l! M\u00e1r meg\u00e9rkezett a havaz\u00e1s, holnap reggel pedig m\u00e1r \u00f3nos es\u0151 is eshet. J\u00f6v\u0151 h\u00e9t elej\u00e9re Magyarorsz\u00e1gon lesz olyan telep\u00fcl\u00e9s, ahol m\u00ednusz t\u00edz fokn\u00e1l is lejjebb k\u00faszhat a h\u0151m\u00e9r\u0151 higanysz\u00e1la.<\/p>\n<p><iframe loading=\"lazy\" src=\"\/\/tenyek.hu\/neoplayer\/tv2\/embed\/249918_jonnek-a-nappali-minuszok.html\" width=\"640\" height=\"360\" frameborder=\"0\" scrolling=\"no\" allowfullscreen=\"allowfullscreen\"><\/iframe><\/p>\n","protected":false},"excerpt":{"rendered":"<p>Nyakunkon a t\u00e9l! M\u00e1r meg\u00e9rkezett a havaz\u00e1s, holnap reggel pedig m\u00e1r \u00f3nos es\u0151 is eshet. J\u00f6v\u0151 h\u00e9t elej\u00e9re Magyarorsz\u00e1gon lesz olyan telep\u00fcl\u00e9s, ahol m\u00ednusz t\u00edz fokn\u00e1l is lejjebb k\u00faszhat a h\u0151m\u00e9r\u0151 higanysz\u00e1la.<\/p>\n","protected":false},"author":4,"featured_media":0,"comment_status":"open","ping_status":"closed","sticky":false,"template":"","format":"standard","meta":{"footnotes":""},"categories":[6,19,4],"tags":[892,872,2141,648],"class_list":["post-18428","post","type-post","status-publish","format-standard","hentry","category-belfold","category-egeszseg","category-szabadido","tag-hideg","tag-ho","tag-onos-eso","tag-tel"],"_links":{"self":[{"href":"https:\/\/www.agriatv.hu\/index.php?rest_route=\/wp\/v2\/posts\/18428","targetHints":{"allow":["GET"]}}],"collection":[{"href":"https:\/\/www.agriatv.hu\/index.php?rest_route=\/wp\/v2\/posts"}],"about":[{"href":"https:\/\/www.agriatv.hu\/index.php?rest_route=\/wp\/v2\/types\/post"}],"author":[{"embeddable":true,"href":"https:\/\/www.agriatv.hu\/index.php?rest_route=\/wp\/v2\/users\/4"}],"replies":[{"embeddable":true,"href":"https:\/\/www.agriatv.hu\/index.php?rest_route=%2Fwp%2Fv2%2Fcomments&post=18428"}],"version-history":[{"count":1,"href":"https:\/\/www.agriatv.hu\/index.php?rest_route=\/wp\/v2\/posts\/18428\/revisions"}],"predecessor-version":[{"id":18430,"href":"https:\/\/www.agriatv.hu\/index.php?rest_route=\/wp\/v2\/posts\/18428\/revisions\/18430"}],"wp:attachment":[{"href":"https:\/\/www.agriatv.hu\/index.php?rest_route=%2Fwp%2Fv2%2Fmedia&parent=18428"}],"wp:term":[{"taxonomy":"category","embeddable":true,"href":"https:\/\/www.agriatv.hu\/index.php?rest_route=%2Fwp%2Fv2%2Fcategories&post=18428"},{"taxonomy":"post_tag","embeddable":true,"href":"https:\/\/www.agriatv.hu\/index.php?rest_route=%2Fwp%2Fv2%2Ftags&post=18428"}],"curies":[{"name":"wp","href":"https:\/\/api.w.org\/{rel}","templated":true}]}}