{"id":18431,"date":"2017-11-28T19:46:03","date_gmt":"2017-11-28T19:46:03","guid":{"rendered":"http:\/\/www.agriatv.hu\/?p=18431"},"modified":"2017-11-28T19:46:03","modified_gmt":"2017-11-28T19:46:03","slug":"keves-a-pek-a-hentes-a-komuves","status":"publish","type":"post","link":"https:\/\/www.agriatv.hu\/?p=18431","title":{"rendered":"Kev\u00e9s a p\u00e9k, a hentes, a k\u0151m\u0171ves"},"content":{"rendered":"<p style=\"text-align: justify;\"><a href=\"https:\/\/www.agriatv.hu\/wp-content\/uploads\/2017\/11\/575449.325x183.jpg\"><img loading=\"lazy\" decoding=\"async\" class=\"alignleft  wp-image-18432\" src=\"https:\/\/www.agriatv.hu\/wp-content\/uploads\/2017\/11\/575449.325x183-300x169.jpg\" alt=\"\" width=\"181\" height=\"102\" srcset=\"https:\/\/www.agriatv.hu\/wp-content\/uploads\/2017\/11\/575449.325x183-300x169.jpg 300w, https:\/\/www.agriatv.hu\/wp-content\/uploads\/2017\/11\/575449.325x183.jpg 325w\" sizes=\"auto, (max-width: 181px) 100vw, 181px\" \/><\/a>Azonnal fel tudn\u00e1nak venni p\u00e9ket, hentest \u00e9s k\u0151m\u0171vest is, olyan nagy a munkaer\u0151hi\u00e1ny. A Vil\u00e1ggazdas\u00e1g sz\u00e1m\u00edt\u00e1sai szerint nagyj\u00e1b\u00f3l 20 ezer ember hi\u00e1nyzik a feldolgoz\u00f3iparb\u00f3l. A K\u00f6zponti Statisztikai Hivatal legfrissebb adatai szerint ebben a szektorban \u00e9s az \u00e9p\u00edt\u0151iparban is n\u0151ttek a beruh\u00e1z\u00e1si sz\u00e1mok az id\u00e9n, egy szak\u00e9rt\u0151 szerint a jobb felt\u00e9telek seg\u00edthetik a munkav\u00e1llal\u00e1si kedvet.<\/p>\n<p><iframe loading=\"lazy\" src=\"\/\/tenyek.hu\/neoplayer\/tv2\/embed\/249920_keves-a-pek-a-hentes-a-komuves.html\" width=\"640\" height=\"360\" frameborder=\"0\" scrolling=\"no\" allowfullscreen=\"allowfullscreen\"><\/iframe><\/p>\n","protected":false},"excerpt":{"rendered":"<p>Azonnal fel tudn\u00e1nak venni p\u00e9ket, hentest \u00e9s k\u0151m\u0171vest is, olyan nagy a munkaer\u0151hi\u00e1ny. A Vil\u00e1ggazdas\u00e1g sz\u00e1m\u00edt\u00e1sai szerint nagyj\u00e1b\u00f3l 20 ezer ember hi\u00e1nyzik a feldolgoz\u00f3iparb\u00f3l. A K\u00f6zponti Statisztikai Hivatal legfrissebb adatai szerint ebben a szektorban \u00e9s az \u00e9p\u00edt\u0151iparban is n\u0151ttek a beruh\u00e1z\u00e1si sz\u00e1mok az id\u00e9n, egy szak\u00e9rt\u0151 szerint a jobb felt\u00e9telek seg\u00edthetik a munkav\u00e1llal\u00e1si kedvet.<\/p>\n","protected":false},"author":4,"featured_media":0,"comment_status":"open","ping_status":"closed","sticky":false,"template":"","format":"standard","meta":{"footnotes":""},"categories":[6,450],"tags":[415,738,2937,2851],"class_list":["post-18431","post","type-post","status-publish","format-standard","hentry","category-belfold","category-gazdasag-2","tag-gazdasag","tag-hiany","tag-munkaero","tag-szakember"],"_links":{"self":[{"href":"https:\/\/www.agriatv.hu\/index.php?rest_route=\/wp\/v2\/posts\/18431","targetHints":{"allow":["GET"]}}],"collection":[{"href":"https:\/\/www.agriatv.hu\/index.php?rest_route=\/wp\/v2\/posts"}],"about":[{"href":"https:\/\/www.agriatv.hu\/index.php?rest_route=\/wp\/v2\/types\/post"}],"author":[{"embeddable":true,"href":"https:\/\/www.agriatv.hu\/index.php?rest_route=\/wp\/v2\/users\/4"}],"replies":[{"embeddable":true,"href":"https:\/\/www.agriatv.hu\/index.php?rest_route=%2Fwp%2Fv2%2Fcomments&post=18431"}],"version-history":[{"count":1,"href":"https:\/\/www.agriatv.hu\/index.php?rest_route=\/wp\/v2\/posts\/18431\/revisions"}],"predecessor-version":[{"id":18433,"href":"https:\/\/www.agriatv.hu\/index.php?rest_route=\/wp\/v2\/posts\/18431\/revisions\/18433"}],"wp:attachment":[{"href":"https:\/\/www.agriatv.hu\/index.php?rest_route=%2Fwp%2Fv2%2Fmedia&parent=18431"}],"wp:term":[{"taxonomy":"category","embeddable":true,"href":"https:\/\/www.agriatv.hu\/index.php?rest_route=%2Fwp%2Fv2%2Fcategories&post=18431"},{"taxonomy":"post_tag","embeddable":true,"href":"https:\/\/www.agriatv.hu\/index.php?rest_route=%2Fwp%2Fv2%2Ftags&post=18431"}],"curies":[{"name":"wp","href":"https:\/\/api.w.org\/{rel}","templated":true}]}}