{"id":18445,"date":"2017-12-01T20:35:46","date_gmt":"2017-12-01T20:35:46","guid":{"rendered":"http:\/\/www.agriatv.hu\/?p=18445"},"modified":"2017-12-01T20:39:08","modified_gmt":"2017-12-01T20:39:08","slug":"sulyos-balesetek-a-jeges-ut-miatt","status":"publish","type":"post","link":"https:\/\/www.agriatv.hu\/?p=18445","title":{"rendered":"S\u00falyos balesetek a jeges \u00fat miatt"},"content":{"rendered":"<p style=\"text-align: justify;\"><a href=\"https:\/\/www.agriatv.hu\/wp-content\/uploads\/2017\/12\/576247.325x183.jpg\"><img loading=\"lazy\" decoding=\"async\" class=\"alignleft wp-image-18446\" src=\"https:\/\/www.agriatv.hu\/wp-content\/uploads\/2017\/12\/576247.325x183-300x169.jpg\" alt=\"\" width=\"225\" height=\"127\" srcset=\"https:\/\/www.agriatv.hu\/wp-content\/uploads\/2017\/12\/576247.325x183-300x169.jpg 300w, https:\/\/www.agriatv.hu\/wp-content\/uploads\/2017\/12\/576247.325x183.jpg 325w\" sizes=\"auto, (max-width: 225px) 100vw, 225px\" \/><\/a>Hatan s\u00e9r\u00fcltek meg egy s\u00falyos balesetben Egerszal\u00f3k hat\u00e1r\u00e1ban. Egy aut\u00f3s megcs\u00faszott a jeges \u00faton, elvesz\u00edtette uralm\u00e1t aut\u00f3ja f\u00f6l\u00f6tt \u00e9s \u00e1tt\u00e9rt a szemk\u00f6zti s\u00e1vba, ahol front\u00e1lisan \u00fctk\u00f6z\u00f6tt egy m\u00e1sik kocsival. A v\u00e9tlen aut\u00f3 egyik s\u00falyos s\u00e9r\u00fcltj\u00e9t a t\u0171zolt\u00f3knak kellett kiv\u00e1gni a roncsb\u00f3l. Nem sokkal ezut\u00e1n Egerben is t\u00f6rt\u00e9nt egy s\u00falyos karambol, szint\u00e9n a jeges \u00fat miatt.<\/p>\n<p><iframe loading=\"lazy\" src=\"\/\/tenyek.hu\/neoplayer\/tv2\/embed\/250248_sulyos-balesetek-a-jeges-ut-miatt.html\" width=\"640\" height=\"360\" frameborder=\"0\" scrolling=\"no\" allowfullscreen=\"allowfullscreen\"><\/iframe><\/p>\n<blockquote class=\"embedly-card\" data-card-controls=\"1\" data-card-align=\"center\" data-card-theme=\"light\" data-card-key=\"bbb82e0305934450ba516e363ef455a7\">\n<h4><a href=\"http:\/\/rtl.hu\/rtlklub\/hirek\/balesetek-a-jeges-utakon\">RTL.hu<\/a><\/h4>\n<p>No Description<\/p>\n<\/blockquote>\n<p><script async src=\"\/\/cdn.embedly.com\/widgets\/platform.js\" charset=\"UTF-8\"><\/script><\/p>\n<blockquote class=\"embedly-card\" data-card-controls=\"1\" data-card-align=\"center\" data-card-theme=\"light\" data-card-key=\"bbb82e0305934450ba516e363ef455a7\">\n<h4><a href=\"http:\/\/www.atv.hu\/videok\/video-20171201-balesetek-a-csuszos-utakon\">ATV.hu<\/a><\/h4>\n<p>Az ATV az els\u0151 mag\u00e1ntelev\u00edzi\u00f3 haz\u00e1nkban. A min\u0151s\u00e9gi, sz\u00ednvonalas, magas \u00e9rt\u00e9krend\u0171 m\u0171sorok k\u00e9sz\u00edt\u00e9s\u00e9t \u00e9s sug\u00e1rz\u00e1s\u00e1t c\u00e9lul kit\u0171z\u0151 kereskedelmi csatorna.<\/p>\n<\/blockquote>\n<p><script async src=\"\/\/cdn.embedly.com\/widgets\/platform.js\" charset=\"UTF-8\"><\/script><\/p>\n","protected":false},"excerpt":{"rendered":"<p>Hatan s\u00e9r\u00fcltek meg egy s\u00falyos balesetben Egerszal\u00f3k hat\u00e1r\u00e1ban. Egy aut\u00f3s megcs\u00faszott a jeges \u00faton, elvesz\u00edtette uralm\u00e1t aut\u00f3ja f\u00f6l\u00f6tt \u00e9s \u00e1tt\u00e9rt a szemk\u00f6zti s\u00e1vba, ahol front\u00e1lisan \u00fctk\u00f6z\u00f6tt egy m\u00e1sik kocsival. A v\u00e9tlen aut\u00f3 egyik s\u00falyos s\u00e9r\u00fcltj\u00e9t a t\u0171zolt\u00f3knak kellett kiv\u00e1gni a roncsb\u00f3l. Nem sokkal ezut\u00e1n Egerben is t\u00f6rt\u00e9nt egy s\u00falyos karambol, szint\u00e9n a jeges \u00fat miatt.<\/p>\n<p>RTL.hu<br \/>\nNo [&#8230;]<\/p>\n","protected":false},"author":4,"featured_media":0,"comment_status":"open","ping_status":"closed","sticky":false,"template":"","format":"standard","meta":{"footnotes":""},"categories":[5],"tags":[41,70,1304,458,648],"class_list":["post-18445","post","type-post","status-publish","format-standard","hentry","category-kek-hirek","tag-baleset","tag-heves-megye","tag-jeg","tag-serult","tag-tel"],"_links":{"self":[{"href":"https:\/\/www.agriatv.hu\/index.php?rest_route=\/wp\/v2\/posts\/18445","targetHints":{"allow":["GET"]}}],"collection":[{"href":"https:\/\/www.agriatv.hu\/index.php?rest_route=\/wp\/v2\/posts"}],"about":[{"href":"https:\/\/www.agriatv.hu\/index.php?rest_route=\/wp\/v2\/types\/post"}],"author":[{"embeddable":true,"href":"https:\/\/www.agriatv.hu\/index.php?rest_route=\/wp\/v2\/users\/4"}],"replies":[{"embeddable":true,"href":"https:\/\/www.agriatv.hu\/index.php?rest_route=%2Fwp%2Fv2%2Fcomments&post=18445"}],"version-history":[{"count":2,"href":"https:\/\/www.agriatv.hu\/index.php?rest_route=\/wp\/v2\/posts\/18445\/revisions"}],"predecessor-version":[{"id":18448,"href":"https:\/\/www.agriatv.hu\/index.php?rest_route=\/wp\/v2\/posts\/18445\/revisions\/18448"}],"wp:attachment":[{"href":"https:\/\/www.agriatv.hu\/index.php?rest_route=%2Fwp%2Fv2%2Fmedia&parent=18445"}],"wp:term":[{"taxonomy":"category","embeddable":true,"href":"https:\/\/www.agriatv.hu\/index.php?rest_route=%2Fwp%2Fv2%2Fcategories&post=18445"},{"taxonomy":"post_tag","embeddable":true,"href":"https:\/\/www.agriatv.hu\/index.php?rest_route=%2Fwp%2Fv2%2Ftags&post=18445"}],"curies":[{"name":"wp","href":"https:\/\/api.w.org\/{rel}","templated":true}]}}