{"id":18453,"date":"2017-12-03T23:57:02","date_gmt":"2017-12-03T23:57:02","guid":{"rendered":"http:\/\/www.agriatv.hu\/?p=18453"},"modified":"2017-12-04T12:59:47","modified_gmt":"2017-12-04T12:59:47","slug":"sulyos-balesetek-a-hoesesben","status":"publish","type":"post","link":"https:\/\/www.agriatv.hu\/?p=18453","title":{"rendered":"S\u00falyos balesetek a h\u00f3es\u00e9sben"},"content":{"rendered":"<p style=\"text-align: justify;\"><a href=\"https:\/\/www.agriatv.hu\/wp-content\/uploads\/2017\/12\/576387.325x183.jpg\"><img loading=\"lazy\" decoding=\"async\" class=\"alignleft wp-image-18454\" src=\"https:\/\/www.agriatv.hu\/wp-content\/uploads\/2017\/12\/576387.325x183-300x169.jpg\" alt=\"\" width=\"215\" height=\"121\" srcset=\"https:\/\/www.agriatv.hu\/wp-content\/uploads\/2017\/12\/576387.325x183-300x169.jpg 300w, https:\/\/www.agriatv.hu\/wp-content\/uploads\/2017\/12\/576387.325x183.jpg 325w\" sizes=\"auto, (max-width: 215px) 100vw, 215px\" \/><\/a>Ism\u00e9t havazik az orsz\u00e1gban, egym\u00e1st k\u00f6vetik a balesetek a cs\u00fasz\u00f3s utakon. T\u00e1zl\u00e1rn\u00e1l B\u00e1cs-Kiskunban egy aut\u00f3 megcs\u00faszott, kid\u00f6nt\u00f6tt egy villanyoszlopot, n\u00e9gy gyerek is utazott a kocsiban, sokkot kaptak az ijedts\u00e9gt\u0151l. P\u00e9csn\u00e9l egy aut\u00f3 f\u00e1nak csap\u00f3dott, Szabolcsban pedig egy kamion keresztbe fordult az \u00faton, f\u00e1kat kellett kiv\u00e1gni a ment\u00e9shez. A legt\u00f6bb h\u00f3 az Alf\u00f6ld\u00f6n esett.<\/p>\n<p><iframe loading=\"lazy\" src=\"\/\/tenyek.hu\/neoplayer\/tv2\/embed\/250345_sulyos-balesetek-a-hoesesben.html\" width=\"640\" height=\"360\" frameborder=\"0\" scrolling=\"no\" allowfullscreen=\"allowfullscreen\"><\/iframe><\/p>\n","protected":false},"excerpt":{"rendered":"<p>Ism\u00e9t havazik az orsz\u00e1gban, egym\u00e1st k\u00f6vetik a balesetek a cs\u00fasz\u00f3s utakon. T\u00e1zl\u00e1rn\u00e1l B\u00e1cs-Kiskunban egy aut\u00f3 megcs\u00faszott, kid\u00f6nt\u00f6tt egy villanyoszlopot, n\u00e9gy gyerek is utazott a kocsiban, sokkot kaptak az ijedts\u00e9gt\u0151l. P\u00e9csn\u00e9l egy aut\u00f3 f\u00e1nak csap\u00f3dott, Szabolcsban pedig egy kamion keresztbe fordult az \u00faton, f\u00e1kat kellett kiv\u00e1gni a ment\u00e9shez. A legt\u00f6bb h\u00f3 az Alf\u00f6ld\u00f6n esett.<\/p>\n","protected":false},"author":4,"featured_media":0,"comment_status":"open","ping_status":"closed","sticky":false,"template":"","format":"standard","meta":{"footnotes":""},"categories":[6,5,4],"tags":[872,899,1869,650],"class_list":["post-18453","post","type-post","status-publish","format-standard","hentry","category-belfold","category-kek-hirek","category-szabadido","tag-ho","tag-idojaras","tag-kekesteto","tag-kozlekedes"],"_links":{"self":[{"href":"https:\/\/www.agriatv.hu\/index.php?rest_route=\/wp\/v2\/posts\/18453","targetHints":{"allow":["GET"]}}],"collection":[{"href":"https:\/\/www.agriatv.hu\/index.php?rest_route=\/wp\/v2\/posts"}],"about":[{"href":"https:\/\/www.agriatv.hu\/index.php?rest_route=\/wp\/v2\/types\/post"}],"author":[{"embeddable":true,"href":"https:\/\/www.agriatv.hu\/index.php?rest_route=\/wp\/v2\/users\/4"}],"replies":[{"embeddable":true,"href":"https:\/\/www.agriatv.hu\/index.php?rest_route=%2Fwp%2Fv2%2Fcomments&post=18453"}],"version-history":[{"count":2,"href":"https:\/\/www.agriatv.hu\/index.php?rest_route=\/wp\/v2\/posts\/18453\/revisions"}],"predecessor-version":[{"id":18456,"href":"https:\/\/www.agriatv.hu\/index.php?rest_route=\/wp\/v2\/posts\/18453\/revisions\/18456"}],"wp:attachment":[{"href":"https:\/\/www.agriatv.hu\/index.php?rest_route=%2Fwp%2Fv2%2Fmedia&parent=18453"}],"wp:term":[{"taxonomy":"category","embeddable":true,"href":"https:\/\/www.agriatv.hu\/index.php?rest_route=%2Fwp%2Fv2%2Fcategories&post=18453"},{"taxonomy":"post_tag","embeddable":true,"href":"https:\/\/www.agriatv.hu\/index.php?rest_route=%2Fwp%2Fv2%2Ftags&post=18453"}],"curies":[{"name":"wp","href":"https:\/\/api.w.org\/{rel}","templated":true}]}}