{"id":18457,"date":"2017-12-04T18:59:30","date_gmt":"2017-12-04T18:59:30","guid":{"rendered":"http:\/\/www.agriatv.hu\/?p=18457"},"modified":"2017-12-04T19:21:02","modified_gmt":"2017-12-04T19:21:02","slug":"baleset-tortent-maklaron","status":"publish","type":"post","link":"https:\/\/www.agriatv.hu\/?p=18457","title":{"rendered":"Baleset t\u00f6rt\u00e9nt Makl\u00e1ron"},"content":{"rendered":"<p style=\"text-align: justify;\"><a href=\"https:\/\/www.agriatv.hu\/wp-content\/uploads\/2017\/12\/f-3.jpg\"><img loading=\"lazy\" decoding=\"async\" class=\"alignleft wp-image-18458\" src=\"https:\/\/www.agriatv.hu\/wp-content\/uploads\/2017\/12\/f-3-300x169.jpg\" alt=\"\" width=\"192\" height=\"108\" srcset=\"https:\/\/www.agriatv.hu\/wp-content\/uploads\/2017\/12\/f-3-300x169.jpg 300w, https:\/\/www.agriatv.hu\/wp-content\/uploads\/2017\/12\/f-3-768x432.jpg 768w, https:\/\/www.agriatv.hu\/wp-content\/uploads\/2017\/12\/f-3-1024x576.jpg 1024w, https:\/\/www.agriatv.hu\/wp-content\/uploads\/2017\/12\/f-3.jpg 1920w\" sizes=\"auto, (max-width: 192px) 100vw, 192px\" \/><\/a>Egy szem\u00e9lyaut\u00f3 \u00e9s egy \u00fcresen k\u00f6zleked\u0151 aut\u00f3busz \u00fctk\u00f6z\u00f6tt Makl\u00e1ron, h\u00e9tf\u0151 kora este.<\/p>\n<p style=\"text-align: justify;\">\u00dagy tudjuk, egy F\u00fczesabony fel\u00e9 k\u00f6zleked\u0151 szem\u00e9lykocsi cs\u00faszott meg Makl\u00e1ron a Templom t\u00e9r melletti kanyarban, \u00e1tt\u00e9rt a menetir\u00e1ny szerinti bal oldalra, ahol \u00e9pp egy menetrend szerinti aut\u00f3busz k\u00f6zlekedett. Szerencs\u00e9re a j\u00e1rm\u0171v\u00f6n utasok nem tart\u00f3zkodtak.<\/p>\n<p style=\"text-align: justify;\">A balesetben senki sem s\u00e9r\u00fclt meg, de az anyagi k\u00e1r jelent\u0151s.<\/p>\n<p style=\"text-align: justify;\">A helysz\u00ednel\u00e9s idej\u00e9re f\u00e9lp\u00e1ly\u00e1n lez\u00e1rt\u00e1k az utat.<\/p>\n<p style=\"text-align: justify;\">\n<div class=\"youtube-embed ye-container\" itemprop=\"video\" itemscope itemtype=\"https:\/\/schema.org\/VideoObject\">\n\t<meta itemprop=\"url\" content=\"https:\/\/www.youtube.com\/v\/UXJXVaounIw\" \/>\n\t<meta itemprop=\"name\" content=\"Baleset t\u00f6rt\u00e9nt Makl\u00e1ron\" \/>\n\t<meta itemprop=\"description\" content=\"Baleset t\u00f6rt\u00e9nt Makl\u00e1ron\" \/>\n\t<meta itemprop=\"uploadDate\" content=\"2017-12-04T18:59:30+00:00\" \/>\n\t<meta itemprop=\"thumbnailUrl\" content=\"https:\/\/i.ytimg.com\/vi\/UXJXVaounIw\/default.jpg\" \/>\n\t<meta itemprop=\"embedUrl\" content=\"https:\/\/www.youtube.com\/embed\/UXJXVaounIw\" \/>\n\t<meta itemprop=\"height\" content=\"1080\" \/>\n\t<meta itemprop=\"width\" content=\"1920\" \/>\n\t<iframe loading=\"lazy\" style=\"border: 0;\" class=\"youtube-player\" width=\"1920\" height=\"1080\" src=\"https:\/\/www.youtube.com\/embed\/UXJXVaounIw?modestbranding=1&fs=0&rel=0\"><\/iframe>\n<\/div>\n<\/p>\n<p style=\"text-align: justify;\">A felv\u00e9teleket <strong>dj deka<\/strong> k\u00fcldte sz\u00e1munkra. K\u00f6sz\u00f6nj\u00fck!<\/p>\n","protected":false},"excerpt":{"rendered":"<p>Egy szem\u00e9lyaut\u00f3 \u00e9s egy \u00fcresen k\u00f6zleked\u0151 aut\u00f3busz \u00fctk\u00f6z\u00f6tt Makl\u00e1ron, h\u00e9tf\u0151 kora este.<br \/>\n\u00dagy tudjuk, egy F\u00fczesabony fel\u00e9 k\u00f6zleked\u0151 szem\u00e9lykocsi cs\u00faszott meg Makl\u00e1ron a Templom t\u00e9r melletti kanyarban, \u00e1tt\u00e9rt a menetir\u00e1ny szerinti bal oldalra, ahol \u00e9pp egy menetrend szerinti aut\u00f3busz k\u00f6zlekedett. Szerencs\u00e9re a j\u00e1rm\u0171v\u00f6n utasok nem tart\u00f3zkodtak.<br \/>\nA balesetben senki sem s\u00e9r\u00fclt meg, de az anyagi k\u00e1r jelent\u0151s.<br \/>\nA [&#8230;]<\/p>\n","protected":false},"author":4,"featured_media":0,"comment_status":"open","ping_status":"closed","sticky":false,"template":"","format":"standard","meta":{"footnotes":""},"categories":[5],"tags":[41,968,720],"class_list":["post-18457","post","type-post","status-publish","format-standard","hentry","category-kek-hirek","tag-baleset","tag-busz","tag-maklar"],"_links":{"self":[{"href":"https:\/\/www.agriatv.hu\/index.php?rest_route=\/wp\/v2\/posts\/18457","targetHints":{"allow":["GET"]}}],"collection":[{"href":"https:\/\/www.agriatv.hu\/index.php?rest_route=\/wp\/v2\/posts"}],"about":[{"href":"https:\/\/www.agriatv.hu\/index.php?rest_route=\/wp\/v2\/types\/post"}],"author":[{"embeddable":true,"href":"https:\/\/www.agriatv.hu\/index.php?rest_route=\/wp\/v2\/users\/4"}],"replies":[{"embeddable":true,"href":"https:\/\/www.agriatv.hu\/index.php?rest_route=%2Fwp%2Fv2%2Fcomments&post=18457"}],"version-history":[{"count":2,"href":"https:\/\/www.agriatv.hu\/index.php?rest_route=\/wp\/v2\/posts\/18457\/revisions"}],"predecessor-version":[{"id":18463,"href":"https:\/\/www.agriatv.hu\/index.php?rest_route=\/wp\/v2\/posts\/18457\/revisions\/18463"}],"wp:attachment":[{"href":"https:\/\/www.agriatv.hu\/index.php?rest_route=%2Fwp%2Fv2%2Fmedia&parent=18457"}],"wp:term":[{"taxonomy":"category","embeddable":true,"href":"https:\/\/www.agriatv.hu\/index.php?rest_route=%2Fwp%2Fv2%2Fcategories&post=18457"},{"taxonomy":"post_tag","embeddable":true,"href":"https:\/\/www.agriatv.hu\/index.php?rest_route=%2Fwp%2Fv2%2Ftags&post=18457"}],"curies":[{"name":"wp","href":"https:\/\/api.w.org\/{rel}","templated":true}]}}