{"id":18460,"date":"2017-12-04T19:08:40","date_gmt":"2017-12-04T19:08:40","guid":{"rendered":"http:\/\/www.agriatv.hu\/?p=18460"},"modified":"2017-12-04T19:21:36","modified_gmt":"2017-12-04T19:21:36","slug":"elaludhatott-a-vezeto-az-autopalyan","status":"publish","type":"post","link":"https:\/\/www.agriatv.hu\/?p=18460","title":{"rendered":"Elaludhatott a vezet\u0151 az aut\u00f3p\u00e1ly\u00e1n"},"content":{"rendered":"<p style=\"text-align: justify;\"><a href=\"https:\/\/www.agriatv.hu\/wp-content\/uploads\/2017\/12\/24550211_1536869039730318_2083244217_n.jpg\"><img loading=\"lazy\" decoding=\"async\" class=\"alignleft wp-image-18461\" src=\"https:\/\/www.agriatv.hu\/wp-content\/uploads\/2017\/12\/24550211_1536869039730318_2083244217_n-300x225.jpg\" alt=\"\" width=\"257\" height=\"193\" srcset=\"https:\/\/www.agriatv.hu\/wp-content\/uploads\/2017\/12\/24550211_1536869039730318_2083244217_n-300x225.jpg 300w, https:\/\/www.agriatv.hu\/wp-content\/uploads\/2017\/12\/24550211_1536869039730318_2083244217_n.jpg 373w\" sizes=\"auto, (max-width: 257px) 100vw, 257px\" \/><\/a>Val\u00f3sz\u00edn\u0171leg elaludhatott annak a kocsinak a a vezet\u0151je, amelyik balesetet szenvedett h\u00e9tf\u0151 d\u00e9lut\u00e1n az M3 aut\u00f3p\u00e1lya Ny\u00edregyh\u00e1za fel\u00e9 vezet\u0151 oldal\u00e1n. A 124-es k\u0151n\u00e9l t\u00f6rt\u00e9nt balesethez a f\u00fczesabonyi t\u0171zolt\u00f3kat riasztott\u00e1k.<\/p>\n<p style=\"text-align: justify;\">\u00dagy tudjuk a vezet\u0151t k\u00f3rh\u00e1zba sz\u00e1ll\u00edtott\u00e1k.<\/p>\n<p style=\"text-align: justify;\">A helysz\u00ednel\u00e9st a rend\u0151rs\u00e9g f\u00e9lp\u00e1ly\u00e1s lez\u00e1r\u00e1s mellett v\u00e9gezte. A forgalom 17 \u00f3rakor ism\u00e9t teljes sz\u00e9less\u00e9gben megindulhatott.<\/p>\n<p>A fot\u00f3t\u00a0Turi Ferenc k\u00fcldte el r\u00e9sz\u00fcnkre. K\u00f6sz\u00f6nj\u00fck!<\/p>\n","protected":false},"excerpt":{"rendered":"<p>Val\u00f3sz\u00edn\u0171leg elaludhatott annak a kocsinak a a vezet\u0151je, amelyik balesetet szenvedett h\u00e9tf\u0151 d\u00e9lut\u00e1n az M3 aut\u00f3p\u00e1lya Ny\u00edregyh\u00e1za fel\u00e9 vezet\u0151 oldal\u00e1n. A 124-es k\u0151n\u00e9l t\u00f6rt\u00e9nt balesethez a f\u00fczesabonyi t\u0171zolt\u00f3kat riasztott\u00e1k.<br \/>\n\u00dagy tudjuk a vezet\u0151t k\u00f3rh\u00e1zba sz\u00e1ll\u00edtott\u00e1k.<br \/>\nA helysz\u00ednel\u00e9st a rend\u0151rs\u00e9g f\u00e9lp\u00e1ly\u00e1s lez\u00e1r\u00e1s mellett v\u00e9gezte. A forgalom 17 \u00f3rakor ism\u00e9t teljes sz\u00e9less\u00e9gben megindulhatott.<br \/>\nA fot\u00f3t\u00a0Turi Ferenc k\u00fcldte el r\u00e9sz\u00fcnkre. K\u00f6sz\u00f6nj\u00fck!<\/p>\n","protected":false},"author":4,"featured_media":0,"comment_status":"open","ping_status":"closed","sticky":false,"template":"","format":"standard","meta":{"footnotes":""},"categories":[5],"tags":[979,41,844,458],"class_list":["post-18460","post","type-post","status-publish","format-standard","hentry","category-kek-hirek","tag-autopalya","tag-baleset","tag-m3","tag-serult"],"_links":{"self":[{"href":"https:\/\/www.agriatv.hu\/index.php?rest_route=\/wp\/v2\/posts\/18460","targetHints":{"allow":["GET"]}}],"collection":[{"href":"https:\/\/www.agriatv.hu\/index.php?rest_route=\/wp\/v2\/posts"}],"about":[{"href":"https:\/\/www.agriatv.hu\/index.php?rest_route=\/wp\/v2\/types\/post"}],"author":[{"embeddable":true,"href":"https:\/\/www.agriatv.hu\/index.php?rest_route=\/wp\/v2\/users\/4"}],"replies":[{"embeddable":true,"href":"https:\/\/www.agriatv.hu\/index.php?rest_route=%2Fwp%2Fv2%2Fcomments&post=18460"}],"version-history":[{"count":2,"href":"https:\/\/www.agriatv.hu\/index.php?rest_route=\/wp\/v2\/posts\/18460\/revisions"}],"predecessor-version":[{"id":18464,"href":"https:\/\/www.agriatv.hu\/index.php?rest_route=\/wp\/v2\/posts\/18460\/revisions\/18464"}],"wp:attachment":[{"href":"https:\/\/www.agriatv.hu\/index.php?rest_route=%2Fwp%2Fv2%2Fmedia&parent=18460"}],"wp:term":[{"taxonomy":"category","embeddable":true,"href":"https:\/\/www.agriatv.hu\/index.php?rest_route=%2Fwp%2Fv2%2Fcategories&post=18460"},{"taxonomy":"post_tag","embeddable":true,"href":"https:\/\/www.agriatv.hu\/index.php?rest_route=%2Fwp%2Fv2%2Ftags&post=18460"}],"curies":[{"name":"wp","href":"https:\/\/api.w.org\/{rel}","templated":true}]}}