{"id":18471,"date":"2017-12-04T13:07:53","date_gmt":"2017-12-04T13:07:53","guid":{"rendered":"http:\/\/www.agriatv.hu\/?p=18471"},"modified":"2017-12-04T20:13:36","modified_gmt":"2017-12-04T20:13:36","slug":"18471","status":"publish","type":"post","link":"https:\/\/www.agriatv.hu\/?p=18471","title":{"rendered":"Teljes \u00fatz\u00e1r: tejes kocsi borult fel"},"content":{"rendered":"<p style=\"text-align: justify;\"><a href=\"https:\/\/www.agriatv.hu\/wp-content\/uploads\/2017\/12\/24824553_1536917786392110_991863080_n.jpg\"><img loading=\"lazy\" decoding=\"async\" class=\"alignleft wp-image-18472\" src=\"https:\/\/www.agriatv.hu\/wp-content\/uploads\/2017\/12\/24824553_1536917786392110_991863080_n-300x225.jpg\" alt=\"\" width=\"212\" height=\"159\" srcset=\"https:\/\/www.agriatv.hu\/wp-content\/uploads\/2017\/12\/24824553_1536917786392110_991863080_n-300x225.jpg 300w, https:\/\/www.agriatv.hu\/wp-content\/uploads\/2017\/12\/24824553_1536917786392110_991863080_n.jpg 373w\" sizes=\"auto, (max-width: 212px) 100vw, 212px\" \/><\/a>Hajnali 3 \u00f3rakor a B\u00fckksz\u00e9k tet\u0151n\u00e9l \u00e1rokba borult h\u0171t\u0151s \u00e1ruter\u00edt\u0151 teheraut\u00f3. Val\u00f3sz\u00edn\u0171leg a fagyott \u00faton megcs\u00faszott majd \u00e1rokba borult \u00e9s oldal\u00e1ra d\u0151lt. Szem\u00e9lyi s\u00e9r\u00fcl\u00e9s nem t\u00f6rt\u00e9nt. Anyagi k\u00e1r jelent\u0151s.<\/p>\n<p style=\"text-align: justify;\">\u00dagy tudjuk, tejterm\u00e9ket sz\u00e1ll\u00edtott a kocsi, a teljes rak<a href=\"https:\/\/www.agriatv.hu\/wp-content\/uploads\/2017\/12\/24726742_1536917799725442_1253835015_n.jpg\"><img loading=\"lazy\" decoding=\"async\" class=\"alignleft size-medium wp-image-18473\" src=\"https:\/\/www.agriatv.hu\/wp-content\/uploads\/2017\/12\/24726742_1536917799725442_1253835015_n-300x225.jpg\" alt=\"\" width=\"300\" height=\"225\" srcset=\"https:\/\/www.agriatv.hu\/wp-content\/uploads\/2017\/12\/24726742_1536917799725442_1253835015_n-300x225.jpg 300w, https:\/\/www.agriatv.hu\/wp-content\/uploads\/2017\/12\/24726742_1536917799725442_1253835015_n.jpg 373w\" sizes=\"auto, (max-width: 300px) 100vw, 300px\" \/><\/a>om\u00e1ny megsemmis\u00fclt.<\/p>\n<p>&nbsp;<\/p>\n<p>A fot\u00f3kat\u00a0Turi Ferenc k\u00fcldte el r\u00e9sz\u00fcnkre. K\u00f6sz\u00f6nj\u00fck!<\/p>\n","protected":false},"excerpt":{"rendered":"<p>Hajnali 3 \u00f3rakor a B\u00fckksz\u00e9k tet\u0151n\u00e9l \u00e1rokba borult h\u0171t\u0151s \u00e1ruter\u00edt\u0151 teheraut\u00f3. Val\u00f3sz\u00edn\u0171leg a fagyott \u00faton megcs\u00faszott majd \u00e1rokba borult \u00e9s oldal\u00e1ra d\u0151lt. Szem\u00e9lyi s\u00e9r\u00fcl\u00e9s nem t\u00f6rt\u00e9nt. Anyagi k\u00e1r jelent\u0151s.<br \/>\n\u00dagy tudjuk, tejterm\u00e9ket sz\u00e1ll\u00edtott a kocsi, a teljes rakom\u00e1ny megsemmis\u00fclt.<br \/>\n&nbsp;<br \/>\nA fot\u00f3kat\u00a0Turi Ferenc k\u00fcldte el r\u00e9sz\u00fcnkre. K\u00f6sz\u00f6nj\u00fck!<\/p>\n","protected":false},"author":4,"featured_media":0,"comment_status":"open","ping_status":"closed","sticky":false,"template":"","format":"standard","meta":{"footnotes":""},"categories":[5],"tags":[41,2944,1304,1146],"class_list":["post-18471","post","type-post","status-publish","format-standard","hentry","category-kek-hirek","tag-baleset","tag-bukkszekteto","tag-jeg","tag-teherauto"],"_links":{"self":[{"href":"https:\/\/www.agriatv.hu\/index.php?rest_route=\/wp\/v2\/posts\/18471","targetHints":{"allow":["GET"]}}],"collection":[{"href":"https:\/\/www.agriatv.hu\/index.php?rest_route=\/wp\/v2\/posts"}],"about":[{"href":"https:\/\/www.agriatv.hu\/index.php?rest_route=\/wp\/v2\/types\/post"}],"author":[{"embeddable":true,"href":"https:\/\/www.agriatv.hu\/index.php?rest_route=\/wp\/v2\/users\/4"}],"replies":[{"embeddable":true,"href":"https:\/\/www.agriatv.hu\/index.php?rest_route=%2Fwp%2Fv2%2Fcomments&post=18471"}],"version-history":[{"count":3,"href":"https:\/\/www.agriatv.hu\/index.php?rest_route=\/wp\/v2\/posts\/18471\/revisions"}],"predecessor-version":[{"id":18476,"href":"https:\/\/www.agriatv.hu\/index.php?rest_route=\/wp\/v2\/posts\/18471\/revisions\/18476"}],"wp:attachment":[{"href":"https:\/\/www.agriatv.hu\/index.php?rest_route=%2Fwp%2Fv2%2Fmedia&parent=18471"}],"wp:term":[{"taxonomy":"category","embeddable":true,"href":"https:\/\/www.agriatv.hu\/index.php?rest_route=%2Fwp%2Fv2%2Fcategories&post=18471"},{"taxonomy":"post_tag","embeddable":true,"href":"https:\/\/www.agriatv.hu\/index.php?rest_route=%2Fwp%2Fv2%2Ftags&post=18471"}],"curies":[{"name":"wp","href":"https:\/\/api.w.org\/{rel}","templated":true}]}}