{"id":18499,"date":"2017-12-09T14:14:43","date_gmt":"2017-12-09T14:14:43","guid":{"rendered":"http:\/\/www.agriatv.hu\/?p=18499"},"modified":"2017-12-09T20:11:41","modified_gmt":"2017-12-09T20:11:41","slug":"gyalogost-gazolt-halalra-egy-busz-gyongyosnel","status":"publish","type":"post","link":"https:\/\/www.agriatv.hu\/?p=18499","title":{"rendered":"Gyalogost g\u00e1zolt hal\u00e1lra egy busz Gy\u00f6ngy\u00f6sn\u00e9l"},"content":{"rendered":"<p><img loading=\"lazy\" decoding=\"async\" class=\"alignleft wp-image-18500\" src=\"https:\/\/www.agriatv.hu\/wp-content\/uploads\/2017\/12\/f-5-300x169.jpg\" alt=\"\" width=\"201\" height=\"113\" srcset=\"https:\/\/www.agriatv.hu\/wp-content\/uploads\/2017\/12\/f-5-300x169.jpg 300w, https:\/\/www.agriatv.hu\/wp-content\/uploads\/2017\/12\/f-5-768x432.jpg 768w, https:\/\/www.agriatv.hu\/wp-content\/uploads\/2017\/12\/f-5-1024x576.jpg 1024w, https:\/\/www.agriatv.hu\/wp-content\/uploads\/2017\/12\/f-5.jpg 1920w\" sizes=\"auto, (max-width: 201px) 100vw, 201px\" \/><\/p>\n<div class=\"enews-article-lead\" style=\"text-align: justify;\">Belehalt s\u00e9r\u00fcl\u00e9seibe az a gyalogos, akit egy aut\u00f3busz \u00fct\u00f6tt el a Gy\u00f6ngy\u00f6s \u00e9s Gy\u00f6ngy\u00f6shal\u00e1sz k\u00f6z\u00f6tti \u00faton \u2013 k\u00f6z\u00f6lte a Heves Megyei Rend\u0151r-f\u0151kapit\u00e1nys\u00e1g sajt\u00f3sz\u00f3viv\u0151je.<\/div>\n<div class=\"clearfix\" style=\"text-align: justify;\">Solt\u00e9sz B\u00e1lint t\u00e1j\u00e9koztat\u00e1sa szerint a baleset \u00e1ldozata az \u00fattesten gyalogolt, amikor az aut\u00f3busz elg\u00e1zolta. A f\u00e9rfi a helysz\u00ednen \u00e9let\u00e9t vesztette.<\/div>\n<div class=\"clearfix\" style=\"text-align: justify;\">Az aut\u00f3busz utasainak nem esett bajuk, a rend\u0151r\u00f6k a helysz\u00ednel\u00e9s idej\u00e9re az \u00fatszakaszt teljes sz\u00e9less\u00e9g\u00e9ben lez\u00e1rt\u00e1k. \u00dagy tudjuk, a f\u00e9rfi s\u00f6t\u00e9t ruh\u00e1zatban gyalogolt az \u00fat sz\u00e9l\u00e9n, a szemerk\u00e9l\u0151 es\u0151ben. A busz vezet\u0151je elmondta: sem az utasok, sem \u0151 nem l\u00e1tta a f\u00e9rfit, aki az \u00faton ment.<\/div>\n<div style=\"text-align: justify;\">\n<div class=\"youtube-embed ye-container\" itemprop=\"video\" itemscope itemtype=\"https:\/\/schema.org\/VideoObject\">\n\t<meta itemprop=\"url\" content=\"https:\/\/www.youtube.com\/v\/1s5pHzeiMLg\" \/>\n\t<meta itemprop=\"name\" content=\"Gyalogost g\u00e1zolt hal\u00e1lra egy busz Gy\u00f6ngy\u00f6sn\u00e9l\" \/>\n\t<meta itemprop=\"description\" content=\"Gyalogost g\u00e1zolt hal\u00e1lra egy busz Gy\u00f6ngy\u00f6sn\u00e9l\" \/>\n\t<meta itemprop=\"uploadDate\" content=\"2017-12-09T14:14:43+00:00\" \/>\n\t<meta itemprop=\"thumbnailUrl\" content=\"https:\/\/i.ytimg.com\/vi\/1s5pHzeiMLg\/default.jpg\" \/>\n\t<meta itemprop=\"embedUrl\" content=\"https:\/\/www.youtube.com\/embed\/1s5pHzeiMLg\" \/>\n\t<meta itemprop=\"height\" content=\"1080\" \/>\n\t<meta itemprop=\"width\" content=\"1920\" \/>\n\t<iframe loading=\"lazy\" style=\"border: 0;\" class=\"youtube-player\" width=\"1920\" height=\"1080\" src=\"https:\/\/www.youtube.com\/embed\/1s5pHzeiMLg?modestbranding=1&fs=0&rel=0\"><\/iframe>\n<\/div>\n<\/div>\n<div>\n<div style=\"text-align: justify;\"><\/div>\n<div class=\"enews-article-lead\" style=\"text-align: justify;\"><strong>A csal\u00e1d megrend\u00fclve \u00e1ll a t\u00f6rt\u00e9ntek miatt.<\/strong><\/div>\n<div class=\"clearfix\" style=\"text-align: justify;\">A BLUE BOX Gy\u00f6ngy\u00f6s\u00a0<a href=\"https:\/\/www.facebook.com\/blueboxgyongyos.hu\/photos\/a.107070873034436.1073741828.106988156376041\/325762624498592\/?type=3&amp;theater\" target=\"_blank\" rel=\"noopener nofollow\">tette k\u00f6zz\u00e9 Facebook-oldal\u00e1n\u00a0<\/a>nemr\u00e9giben, hogy a\u00a0gy\u00e1szol\u00f3 feles\u00e9g, csal\u00e1d, bar\u00e1tok \u00e9s koll\u00e9g\u00e1k nev\u00e9ben, m\u00e9ly f\u00e1jdalommal tudatj\u00e1k, hogy Ifj. Major Andr\u00e1s 2017. december 9-\u00e9n, szombaton, a reggeli \u00f3r\u00e1kban tragikus hirtelens\u00e9ggel, egy\u00a0<a href=\"https:\/\/www.heol.hu\/kek-hirek\/helyi-kek-hirek\/uton-gyaloglo-ferfit-gazolt-halalra-egy-busz-958555\/\" target=\"_blank\" rel=\"noopener\">v\u00e9letlen balesetben<\/a>\u00a0\u00e9let\u00e9t vesztette.<\/div>\n<div class=\"enews-article-content\">\n<div class=\"endless-shared-area\" style=\"text-align: justify;\">\n<div class=\"et_pb_section et_pb_section_2 et_section_regular\">\n<div class=\" et_pb_row et_pb_row_2\">\n<div class=\"et_pb_column et_pb_column_4_4 et_pb_column_2\">\u00cdrt\u00e1k: Andr\u00e1s Gy\u00f6ngy\u00f6s\u00f6n k\u00f6ztiszteletben \u00e1ll\u00f3 programszervez\u0151 volt, t\u00f6bb ezer embernek szerzett felejthetetlen \u00e9lm\u00e9nyeket k\u00f6zel 20 \u00e9ves p\u00e1lyafut\u00e1sa alatt. Karitat\u00edv munk\u00e1ss\u00e1ga, \u00f6nzetlens\u00e9ge, k\u00f6z\u00f6ss\u00e9g\u00e9p\u00edt\u0151 szerepe el\u00e9v\u00fclhetetlen, mely most v\u00e9get \u00e9rt. A csal\u00e1d megrend\u00fclve \u00e1ll a t\u00f6rt\u00e9ntek miatt, k\u00f6sz\u00f6ni a r\u00e9szv\u00e9tnyilv\u00e1n\u00edt\u00e1sokat \u00e9s hogy l\u00e9lekben vel\u00fck vannak!<\/div>\n<\/div>\n<\/div>\n<\/div>\n<p style=\"text-align: justify;\">A temet\u00e9s r\u00e9szleteir\u0151l k\u00e9s\u0151bb adnak t\u00e1j\u00e9koztat\u00e1st.<\/p>\n<\/div>\n<\/div>\n","protected":false},"excerpt":{"rendered":"<p>Belehalt s\u00e9r\u00fcl\u00e9seibe az a gyalogos, akit egy aut\u00f3busz \u00fct\u00f6tt el a Gy\u00f6ngy\u00f6s \u00e9s Gy\u00f6ngy\u00f6shal\u00e1sz k\u00f6z\u00f6tti \u00faton \u2013 k\u00f6z\u00f6lte a Heves Megyei Rend\u0151r-f\u0151kapit\u00e1nys\u00e1g sajt\u00f3sz\u00f3viv\u0151je.<br \/>\nSolt\u00e9sz B\u00e1lint t\u00e1j\u00e9koztat\u00e1sa szerint a baleset \u00e1ldozata az \u00fattesten gyalogolt, amikor az aut\u00f3busz elg\u00e1zolta. A f\u00e9rfi a helysz\u00ednen \u00e9let\u00e9t vesztette.<br \/>\nAz aut\u00f3busz utasainak nem esett bajuk, a rend\u0151r\u00f6k a helysz\u00ednel\u00e9s idej\u00e9re az \u00fatszakaszt teljes [&#8230;]<\/p>\n","protected":false},"author":4,"featured_media":0,"comment_status":"open","ping_status":"closed","sticky":false,"template":"","format":"standard","meta":{"footnotes":""},"categories":[5],"tags":[1544,41,396,771,2946],"class_list":["post-18499","post","type-post","status-publish","format-standard","hentry","category-kek-hirek","tag-autobusz","tag-baleset","tag-gyalogos","tag-halal","tag-sotet"],"_links":{"self":[{"href":"https:\/\/www.agriatv.hu\/index.php?rest_route=\/wp\/v2\/posts\/18499","targetHints":{"allow":["GET"]}}],"collection":[{"href":"https:\/\/www.agriatv.hu\/index.php?rest_route=\/wp\/v2\/posts"}],"about":[{"href":"https:\/\/www.agriatv.hu\/index.php?rest_route=\/wp\/v2\/types\/post"}],"author":[{"embeddable":true,"href":"https:\/\/www.agriatv.hu\/index.php?rest_route=\/wp\/v2\/users\/4"}],"replies":[{"embeddable":true,"href":"https:\/\/www.agriatv.hu\/index.php?rest_route=%2Fwp%2Fv2%2Fcomments&post=18499"}],"version-history":[{"count":3,"href":"https:\/\/www.agriatv.hu\/index.php?rest_route=\/wp\/v2\/posts\/18499\/revisions"}],"predecessor-version":[{"id":18516,"href":"https:\/\/www.agriatv.hu\/index.php?rest_route=\/wp\/v2\/posts\/18499\/revisions\/18516"}],"wp:attachment":[{"href":"https:\/\/www.agriatv.hu\/index.php?rest_route=%2Fwp%2Fv2%2Fmedia&parent=18499"}],"wp:term":[{"taxonomy":"category","embeddable":true,"href":"https:\/\/www.agriatv.hu\/index.php?rest_route=%2Fwp%2Fv2%2Fcategories&post=18499"},{"taxonomy":"post_tag","embeddable":true,"href":"https:\/\/www.agriatv.hu\/index.php?rest_route=%2Fwp%2Fv2%2Ftags&post=18499"}],"curies":[{"name":"wp","href":"https:\/\/api.w.org\/{rel}","templated":true}]}}