{"id":185,"date":"2010-06-28T12:36:55","date_gmt":"2010-06-28T12:36:55","guid":{"rendered":"http:\/\/www.agriatv.hu\/?p=185"},"modified":"2010-06-28T12:36:55","modified_gmt":"2010-06-28T12:36:55","slug":"rendvedelem-a-panduroktol-a-rendorsegig","status":"publish","type":"post","link":"https:\/\/www.agriatv.hu\/?p=185","title":{"rendered":"Rendv\u00e9delem a pand\u00farokt\u00f3l a rend\u0151rs\u00e9gig"},"content":{"rendered":"<p><strong>Korabeli fegyverek, &ouml;lt&ouml;z&eacute;kek &eacute;s felszerel&eacute;sek sora l&aacute;that&oacute; azon a most megny&iacute;lt mez\u0151k&ouml;vesdi ki&aacute;ll&iacute;t&aacute;son, melynek rendez\u0151i egyebek k&ouml;z&ouml;tt a pand&uacute;rok &eacute;let&eacute;t &eacute;s tev&eacute;kenys&eacute;g&eacute;t mutatj&aacute;k be az &eacute;rdekl\u0151d\u0151knek.<\/strong><\/p>\n<p>&nbsp;<\/p>\n<p>A hevesi sz&eacute;khellyel tev&eacute;kenyked\u0151 Magyar Rend\u0151rm&uacute;zeum Bar&aacute;ti K&ouml;re, valamint az IPA (Nemzetk&ouml;zi Rend\u0151r Sz&ouml;vets&eacute;g) k&ouml;zrem\u0171k&ouml;d&eacute;s&eacute;vel rendezett t&aacute;rlat tov&aacute;bbi r&eacute;sze a csend\u0151rs&eacute;g, a rend\u0151rs&eacute;g, az egykori munk&aacute;s\u0151rs&eacute;g, valamint a vil&aacute;gban hungarikumnak sz&aacute;m&iacute;t&oacute; polg&aacute;r\u0151rs&eacute;g dokumentumait &eacute;s jellegzetes haszn&aacute;lati t&aacute;rgyait sorakoztatja fel.<\/p>\n<p><center>&nbsp;<\/center><\/p>\n<p>A &bdquo;H&iacute;ven, becs&uuml;lettel, vit&eacute;z&uuml;l&rdquo; c&iacute;m\u0171 ki&aacute;ll&iacute;t&aacute;st <strong>T&aacute;llai Andr&aacute;s<\/strong> polg&aacute;rmester, a Bel&uuml;gyminiszt&eacute;rium &aacute;llamtitk&aacute;ra nyitotta meg, majd <strong>dr. Guly&aacute;s Istv&aacute;n<\/strong>, a rend\u0151rm&uacute;zeum nyugalmazott igazgat&oacute;ja tartott el\u0151ad&aacute;st a magyar rendv&eacute;delem t&ouml;rt&eacute;net&eacute;r\u0151l, <strong>dr. Mecser Tam&aacute;s<\/strong> r. ezredes pedig a kort&ouml;rt&eacute;neti relikvi&aacute;kat mutatta be.<br \/>\n\tA Mez\u0151gazdas&aacute;gi G&eacute;pm&uacute;zeum gazdah&aacute;z&aacute;ban megtekinthet\u0151 t&aacute;rlat augusztus 27-ig tart nyitva.<\/p>\n<p>Forr&aacute;s: Heol<\/p>\n","protected":false},"excerpt":{"rendered":"<p>Korabeli fegyverek, &ouml;lt&ouml;z&eacute;kek &eacute;s felszerel&eacute;sek sora l&aacute;that&oacute; azon a most megny&iacute;lt mez\u0151k&ouml;vesdi ki&aacute;ll&iacute;t&aacute;son, melynek rendez\u0151i egyebek k&ouml;z&ouml;tt a pand&uacute;rok &eacute;let&eacute;t &eacute;s tev&eacute;kenys&eacute;g&eacute;t mutatj&aacute;k be az &eacute;rdekl\u0151d\u0151knek.<br \/>\n&nbsp;<br \/>\nA hevesi sz&eacute;khellyel tev&eacute;kenyked\u0151 Magyar Rend\u0151rm&uacute;zeum Bar&aacute;ti K&ouml;re, valamint az IPA (Nemzetk&ouml;zi Rend\u0151r Sz&ouml;vets&eacute;g) k&ouml;zrem\u0171k&ouml;d&eacute;s&eacute;vel rendezett t&aacute;rlat tov&aacute;bbi r&eacute;sze a csend\u0151rs&eacute;g, a rend\u0151rs&eacute;g, az egykori munk&aacute;s\u0151rs&eacute;g, valamint a vil&aacute;gban hungarikumnak [&#8230;]<\/p>\n","protected":false},"author":4,"featured_media":0,"comment_status":"closed","ping_status":"open","sticky":false,"template":"","format":"standard","meta":{"footnotes":""},"categories":[8],"tags":[],"class_list":["post-185","post","type-post","status-publish","format-standard","hentry","category-kultura"],"_links":{"self":[{"href":"https:\/\/www.agriatv.hu\/index.php?rest_route=\/wp\/v2\/posts\/185","targetHints":{"allow":["GET"]}}],"collection":[{"href":"https:\/\/www.agriatv.hu\/index.php?rest_route=\/wp\/v2\/posts"}],"about":[{"href":"https:\/\/www.agriatv.hu\/index.php?rest_route=\/wp\/v2\/types\/post"}],"author":[{"embeddable":true,"href":"https:\/\/www.agriatv.hu\/index.php?rest_route=\/wp\/v2\/users\/4"}],"replies":[{"embeddable":true,"href":"https:\/\/www.agriatv.hu\/index.php?rest_route=%2Fwp%2Fv2%2Fcomments&post=185"}],"version-history":[{"count":1,"href":"https:\/\/www.agriatv.hu\/index.php?rest_route=\/wp\/v2\/posts\/185\/revisions"}],"predecessor-version":[{"id":186,"href":"https:\/\/www.agriatv.hu\/index.php?rest_route=\/wp\/v2\/posts\/185\/revisions\/186"}],"wp:attachment":[{"href":"https:\/\/www.agriatv.hu\/index.php?rest_route=%2Fwp%2Fv2%2Fmedia&parent=185"}],"wp:term":[{"taxonomy":"category","embeddable":true,"href":"https:\/\/www.agriatv.hu\/index.php?rest_route=%2Fwp%2Fv2%2Fcategories&post=185"},{"taxonomy":"post_tag","embeddable":true,"href":"https:\/\/www.agriatv.hu\/index.php?rest_route=%2Fwp%2Fv2%2Ftags&post=185"}],"curies":[{"name":"wp","href":"https:\/\/api.w.org\/{rel}","templated":true}]}}