{"id":18503,"date":"2017-12-09T15:39:31","date_gmt":"2017-12-09T15:39:31","guid":{"rendered":"http:\/\/www.agriatv.hu\/?p=18503"},"modified":"2017-12-09T15:42:08","modified_gmt":"2017-12-09T15:42:08","slug":"a-haz-mellett-landolt-az-auto","status":"publish","type":"post","link":"https:\/\/www.agriatv.hu\/?p=18503","title":{"rendered":"A h\u00e1z mellett landolt az aut\u00f3"},"content":{"rendered":"<p><img loading=\"lazy\" decoding=\"async\" class=\"alignleft  wp-image-18505\" src=\"https:\/\/www.agriatv.hu\/wp-content\/uploads\/2017\/12\/v2-300x225.jpg\" alt=\"\" width=\"183\" height=\"137\" srcset=\"https:\/\/www.agriatv.hu\/wp-content\/uploads\/2017\/12\/v2-300x225.jpg 300w, https:\/\/www.agriatv.hu\/wp-content\/uploads\/2017\/12\/v2.jpg 373w\" sizes=\"auto, (max-width: 183px) 100vw, 183px\" \/><\/p>\n<p>Elvesztette az uralm\u00e1t egy aut\u00f3s a kocsija f\u00f6l\u00f6tt, a j\u00e1rd\u00e1n k\u00f6t\u00f6tt ki.<\/p>\n<p>\u00dagy tudjuk, egy n\u0151\u00a0 k\u00f6zlekedett Egerben a V\u00e9csey utc\u00e1ban. A vas\u00fati \u00e1tj\u00e1r\u00f3 ut\u00e1n haladt a r\u00e9gi Cifrakapu \u00fat ir\u00e1ny\u00e1ba. A vas\u00fati \u00e1tj\u00e1r\u00f3 ut\u00e1n egy j\u00e1rm\u0171 a parkol\u00f3b\u00f3l hirtelen kikanyarodott el\u00e9, hogy elker\u00fclje az \u00fctk\u00f6z\u00e9st, f\u00e9lre r\u00e1ntotta a korm\u00e1nyt. Id\u0151k\u00f6zben azonban szemb\u0151l is \u00e9rkezett egy kocsi. Az \u00fajabb\u00a0 man\u0151ver ut\u00e1n a kocsi megcs\u00faszott a s\u00edkos \u00faton: el\u0151sz\u00f6r egy k\u00f6zleked\u00e9si t\u00e1bl\u00e1t d\u00f6nt\u00f6tt ki, majd a s\u00f6v\u00e9nyeken kereszt\u00fcl az ablak alatt siker\u00fclt meg\u00e1llni.<\/p>\n<p>Szem\u00e9lyi s\u00e9r\u00fcl\u00e9s nem t\u00f6rt\u00e9nt , az anyagi k\u00e1r jelent\u0151s.<\/p>\n<p>A m\u0171szaki ment\u00e9s ideje alatt a t\u0171zolt\u00f3s\u00e1g f\u00e9lp\u00e1ly\u00e1n engedte a forgalmat, majd teljes \u00fatz\u00e1r mellett kiszabad\u00edtott\u00e1k a j\u00e1rm\u0171vet.<\/p>\n<p><a href=\"https:\/\/www.agriatv.hu\/wp-content\/uploads\/2017\/12\/v1.jpg\"><img loading=\"lazy\" decoding=\"async\" class=\"alignleft wp-image-18504\" src=\"https:\/\/www.agriatv.hu\/wp-content\/uploads\/2017\/12\/v1-169x300.jpg\" alt=\"\" width=\"154\" height=\"273\" srcset=\"https:\/\/www.agriatv.hu\/wp-content\/uploads\/2017\/12\/v1-169x300.jpg 169w, https:\/\/www.agriatv.hu\/wp-content\/uploads\/2017\/12\/v1.jpg 270w\" sizes=\"auto, (max-width: 154px) 100vw, 154px\" \/><\/a>A fot\u00f3kat\u00a0Turi Ferenc k\u00fcldt<a href=\"https:\/\/www.agriatv.hu\/wp-content\/uploads\/2017\/12\/v3.jpg\"><img loading=\"lazy\" decoding=\"async\" class=\"alignleft  wp-image-18507\" src=\"https:\/\/www.agriatv.hu\/wp-content\/uploads\/2017\/12\/v3-225x300.jpg\" alt=\"\" width=\"207\" height=\"276\" srcset=\"https:\/\/www.agriatv.hu\/wp-content\/uploads\/2017\/12\/v3-225x300.jpg 225w, https:\/\/www.agriatv.hu\/wp-content\/uploads\/2017\/12\/v3.jpg 280w\" sizes=\"auto, (max-width: 207px) 100vw, 207px\" \/><\/a>e. K\u00f6sz\u00f6nj\u00fck!<\/p>\n","protected":false},"excerpt":{"rendered":"<p>Elvesztette az uralm\u00e1t egy aut\u00f3s a kocsija f\u00f6l\u00f6tt, a j\u00e1rd\u00e1n k\u00f6t\u00f6tt ki.<br \/>\n\u00dagy tudjuk, egy n\u0151\u00a0 k\u00f6zlekedett Egerben a V\u00e9csey utc\u00e1ban. A vas\u00fati \u00e1tj\u00e1r\u00f3 ut\u00e1n haladt a r\u00e9gi Cifrakapu \u00fat ir\u00e1ny\u00e1ba. A vas\u00fati \u00e1tj\u00e1r\u00f3 ut\u00e1n egy j\u00e1rm\u0171 a parkol\u00f3b\u00f3l hirtelen kikanyarodott el\u00e9, hogy elker\u00fclje az \u00fctk\u00f6z\u00e9st, f\u00e9lre r\u00e1ntotta a korm\u00e1nyt. Id\u0151k\u00f6zben azonban szemb\u0151l is \u00e9rkezett egy [&#8230;]<\/p>\n","protected":false},"author":4,"featured_media":0,"comment_status":"open","ping_status":"closed","sticky":false,"template":"","format":"standard","meta":{"footnotes":""},"categories":[5],"tags":[1085,41,2947,2518],"class_list":["post-18503","post","type-post","status-publish","format-standard","hentry","category-kek-hirek","tag-auto","tag-baleset","tag-csuszo","tag-jarda"],"_links":{"self":[{"href":"https:\/\/www.agriatv.hu\/index.php?rest_route=\/wp\/v2\/posts\/18503","targetHints":{"allow":["GET"]}}],"collection":[{"href":"https:\/\/www.agriatv.hu\/index.php?rest_route=\/wp\/v2\/posts"}],"about":[{"href":"https:\/\/www.agriatv.hu\/index.php?rest_route=\/wp\/v2\/types\/post"}],"author":[{"embeddable":true,"href":"https:\/\/www.agriatv.hu\/index.php?rest_route=\/wp\/v2\/users\/4"}],"replies":[{"embeddable":true,"href":"https:\/\/www.agriatv.hu\/index.php?rest_route=%2Fwp%2Fv2%2Fcomments&post=18503"}],"version-history":[{"count":4,"href":"https:\/\/www.agriatv.hu\/index.php?rest_route=\/wp\/v2\/posts\/18503\/revisions"}],"predecessor-version":[{"id":18510,"href":"https:\/\/www.agriatv.hu\/index.php?rest_route=\/wp\/v2\/posts\/18503\/revisions\/18510"}],"wp:attachment":[{"href":"https:\/\/www.agriatv.hu\/index.php?rest_route=%2Fwp%2Fv2%2Fmedia&parent=18503"}],"wp:term":[{"taxonomy":"category","embeddable":true,"href":"https:\/\/www.agriatv.hu\/index.php?rest_route=%2Fwp%2Fv2%2Fcategories&post=18503"},{"taxonomy":"post_tag","embeddable":true,"href":"https:\/\/www.agriatv.hu\/index.php?rest_route=%2Fwp%2Fv2%2Ftags&post=18503"}],"curies":[{"name":"wp","href":"https:\/\/api.w.org\/{rel}","templated":true}]}}