{"id":18567,"date":"2017-12-20T17:22:21","date_gmt":"2017-12-20T17:22:21","guid":{"rendered":"http:\/\/www.agriatv.hu\/?p=18567"},"modified":"2017-12-20T17:25:15","modified_gmt":"2017-12-20T17:25:15","slug":"megujulo-rendorsegi-gepjarmupark","status":"publish","type":"post","link":"https:\/\/www.agriatv.hu\/?p=18567","title":{"rendered":"Meg\u00fajul\u00f3 rend\u0151rs\u00e9gi g\u00e9pj\u00e1rm\u0171park"},"content":{"rendered":"<p style=\"text-align: justify;\"><a href=\"https:\/\/www.agriatv.hu\/wp-content\/uploads\/2017\/12\/f-12.jpg\"><img loading=\"lazy\" decoding=\"async\" class=\"alignleft wp-image-18568\" src=\"https:\/\/www.agriatv.hu\/wp-content\/uploads\/2017\/12\/f-12-300x169.jpg\" alt=\"\" width=\"240\" height=\"135\" srcset=\"https:\/\/www.agriatv.hu\/wp-content\/uploads\/2017\/12\/f-12-300x169.jpg 300w, https:\/\/www.agriatv.hu\/wp-content\/uploads\/2017\/12\/f-12-768x432.jpg 768w, https:\/\/www.agriatv.hu\/wp-content\/uploads\/2017\/12\/f-12-1024x576.jpg 1024w, https:\/\/www.agriatv.hu\/wp-content\/uploads\/2017\/12\/f-12.jpg 1920w\" sizes=\"auto, (max-width: 240px) 100vw, 240px\" \/><\/a><strong>\u00daj j\u00e1r\u0151rg\u00e9pj\u00e1rm\u0171veket adott \u00e1t Heves megye rend\u0151rf\u0151kapit\u00e1nya.<\/strong><\/p>\n<p style=\"text-align: justify;\">A Heves Megyei Rend\u0151r-f\u0151kapit\u00e1nys\u00e1g haszn\u00e1lat\u00e1ba 2017. december 20-\u00e1n 55 darab szolg\u00e1lati g\u00e9pj\u00e1rm\u0171 ker\u00fclt. Az Audi, a Volkswagen, a Skoda, Mercedes \u00e9s a Suzuki gy\u00e1rtm\u00e1ny\u00fa, rend\u0151ri jelleggel ell\u00e1tott szolg\u00e1lati szem\u00e9lyg\u00e9pkocsikat Czinege L\u00e1szl\u00f3 rend\u0151r dand\u00e1rt\u00e1bornok, rend\u0151rs\u00e9gi f\u0151tan\u00e1csos, megyei rend\u0151rf\u0151kapit\u00e1ny adta \u00e1t Egerben, az \u00c9rsekkertben.<\/p>\n<p style=\"text-align: justify;\">A rend\u0151rs\u00e9g munk\u00e1j\u00e1ban a gyors reag\u00e1l\u00e1s, a szolg\u00e1lati feladatok biztons\u00e1gos ell\u00e1t\u00e1sa \u00e9s a logisztikai tev\u00e9kenys\u00e9g hat\u00e9kony v\u00e9grehajt\u00e1sa alapvet\u0151 k\u00f6vetelm\u00e9ny, amelyek teljes\u00edt\u00e9se elk\u00e9pzelhetetlen az elhaszn\u00e1lt, magas fut\u00e1steljes\u00edtm\u00e9ny\u0171 g\u00e9pj\u00e1rm\u0171vek folyamatos amortiz\u00e1ci\u00f3s cser\u00e9je n\u00e9lk\u00fcl.<\/p>\n<p style=\"text-align: justify;\">Az \u00faj g\u00e9pkocsik rendszerbe \u00e1ll\u00edt\u00e1s\u00e1val a Heves Megyei Rend\u0151r-f\u0151kapit\u00e1nys\u00e1g j\u00e1r\u0151rg\u00e9pj\u00e1rm\u0171veinek \u00e1tlagos \u00e9letkora 5,8 \u00e9vr\u0151l 2,5 \u00e9vre cs\u00f6kkent.<\/p>\n<p style=\"text-align: justify;\">A g\u00e9pj\u00e1rm\u0171vek sz\u00e1ll\u00edt\u00f3i \u00f6t \u00e9vig vagy 200 000 kilom\u00e9ter fut\u00e1steljes\u00edtm\u00e9nyig biztos\u00edtj\u00e1k a szervizh\u00e1tteret, minden g\u00e9pj\u00e1rm\u0171h\u00f6z rendelkez\u00e9sre \u00e1ll a ny\u00e1ri \u00e9s a t\u00e9li gumiabroncsk\u00e9szlet. A g\u00e9pkocsik megfelelnek a biztons\u00e1gi, a k\u00f6rnyezetv\u00e9delmi \u00e9s a rend\u0151rs\u00e9gi k\u00f6vetelm\u00e9nyeknek, sz\u00e1mos vezet\u00e9st t\u00e1mogat\u00f3 rendszerrel, l\u00e9gkondicion\u00e1l\u00f3val vannak ell\u00e1tva, a rend\u0151r\u00f6k felszerel\u00e9se biztons\u00e1gosan \u00e9s rendezetten helyezhet\u0151 el az utas-, illetve a csomagter\u00fckben.<\/p>\n<p style=\"text-align: justify;\">A g\u00e9pkocsikra LED-technol\u00f3gi\u00e1j\u00fa, sz\u00f6veges feliratok \u2013 p\u00e9ld\u00e1ul a rend\u0151ri int\u00e9zked\u00e9s r\u00f6vid tartalma, t\u00e1j\u00e9koztat\u00f3 k\u00f6zleked\u00e9si inform\u00e1ci\u00f3k \u2013 megjelen\u00edt\u00e9s\u00e9re is alkalmas f\u00e9nyhidakat szereltek.<\/p>\n\n<div class=\"youtube-embed ye-container\" itemprop=\"video\" itemscope itemtype=\"https:\/\/schema.org\/VideoObject\">\n\t<meta itemprop=\"url\" content=\"https:\/\/www.youtube.com\/v\/ZE9qqUKB1bc\" \/>\n\t<meta itemprop=\"name\" content=\"Meg\u00fajul\u00f3 rend\u0151rs\u00e9gi g\u00e9pj\u00e1rm\u0171park\" \/>\n\t<meta itemprop=\"description\" content=\"Meg\u00fajul\u00f3 rend\u0151rs\u00e9gi g\u00e9pj\u00e1rm\u0171park\" \/>\n\t<meta itemprop=\"uploadDate\" content=\"2017-12-20T17:22:21+00:00\" \/>\n\t<meta itemprop=\"thumbnailUrl\" content=\"https:\/\/i.ytimg.com\/vi\/ZE9qqUKB1bc\/default.jpg\" \/>\n\t<meta itemprop=\"embedUrl\" content=\"https:\/\/www.youtube.com\/embed\/ZE9qqUKB1bc\" \/>\n\t<meta itemprop=\"height\" content=\"1080\" \/>\n\t<meta itemprop=\"width\" content=\"1920\" \/>\n\t<iframe loading=\"lazy\" style=\"border: 0;\" class=\"youtube-player\" width=\"1920\" height=\"1080\" src=\"https:\/\/www.youtube.com\/embed\/ZE9qqUKB1bc?modestbranding=1&fs=0&rel=0\"><\/iframe>\n<\/div>\n\n<p style=\"text-align: justify;\">\n","protected":false},"excerpt":{"rendered":"<p>\u00daj j\u00e1r\u0151rg\u00e9pj\u00e1rm\u0171veket adott \u00e1t Heves megye rend\u0151rf\u0151kapit\u00e1nya.<br \/>\nA Heves Megyei Rend\u0151r-f\u0151kapit\u00e1nys\u00e1g haszn\u00e1lat\u00e1ba 2017. december 20-\u00e1n 55 darab szolg\u00e1lati g\u00e9pj\u00e1rm\u0171 ker\u00fclt. Az Audi, a Volkswagen, a Skoda, Mercedes \u00e9s a Suzuki gy\u00e1rtm\u00e1ny\u00fa, rend\u0151ri jelleggel ell\u00e1tott szolg\u00e1lati szem\u00e9lyg\u00e9pkocsikat Czinege L\u00e1szl\u00f3 rend\u0151r dand\u00e1rt\u00e1bornok, rend\u0151rs\u00e9gi f\u0151tan\u00e1csos, megyei rend\u0151rf\u0151kapit\u00e1ny adta \u00e1t Egerben, az \u00c9rsekkertben.<br \/>\nA rend\u0151rs\u00e9g munk\u00e1j\u00e1ban a gyors reag\u00e1l\u00e1s, a szolg\u00e1lati [&#8230;]<\/p>\n","protected":false},"author":4,"featured_media":0,"comment_status":"open","ping_status":"closed","sticky":false,"template":"","format":"standard","meta":{"footnotes":""},"categories":[5],"tags":[2969,839,56,1214,55,122,381,2968],"class_list":["post-18567","post","type-post","status-publish","format-standard","hentry","category-kek-hirek","tag-allomany","tag-atadas","tag-biztonsag","tag-kocsi","tag-rendor","tag-rendorseg","tag-szirena","tag-uj"],"_links":{"self":[{"href":"https:\/\/www.agriatv.hu\/index.php?rest_route=\/wp\/v2\/posts\/18567","targetHints":{"allow":["GET"]}}],"collection":[{"href":"https:\/\/www.agriatv.hu\/index.php?rest_route=\/wp\/v2\/posts"}],"about":[{"href":"https:\/\/www.agriatv.hu\/index.php?rest_route=\/wp\/v2\/types\/post"}],"author":[{"embeddable":true,"href":"https:\/\/www.agriatv.hu\/index.php?rest_route=\/wp\/v2\/users\/4"}],"replies":[{"embeddable":true,"href":"https:\/\/www.agriatv.hu\/index.php?rest_route=%2Fwp%2Fv2%2Fcomments&post=18567"}],"version-history":[{"count":2,"href":"https:\/\/www.agriatv.hu\/index.php?rest_route=\/wp\/v2\/posts\/18567\/revisions"}],"predecessor-version":[{"id":18570,"href":"https:\/\/www.agriatv.hu\/index.php?rest_route=\/wp\/v2\/posts\/18567\/revisions\/18570"}],"wp:attachment":[{"href":"https:\/\/www.agriatv.hu\/index.php?rest_route=%2Fwp%2Fv2%2Fmedia&parent=18567"}],"wp:term":[{"taxonomy":"category","embeddable":true,"href":"https:\/\/www.agriatv.hu\/index.php?rest_route=%2Fwp%2Fv2%2Fcategories&post=18567"},{"taxonomy":"post_tag","embeddable":true,"href":"https:\/\/www.agriatv.hu\/index.php?rest_route=%2Fwp%2Fv2%2Ftags&post=18567"}],"curies":[{"name":"wp","href":"https:\/\/api.w.org\/{rel}","templated":true}]}}