{"id":18575,"date":"2017-12-21T19:47:05","date_gmt":"2017-12-21T19:47:05","guid":{"rendered":"http:\/\/www.agriatv.hu\/?p=18575"},"modified":"2017-12-21T19:47:05","modified_gmt":"2017-12-21T19:47:05","slug":"karosabb-lehet-a-mufenyo-mint-az-elo","status":"publish","type":"post","link":"https:\/\/www.agriatv.hu\/?p=18575","title":{"rendered":"K\u00e1rosabb lehet a m\u0171feny\u0151, mint az \u00e9l\u0151"},"content":{"rendered":"<p style=\"text-align: justify;\"><a href=\"https:\/\/www.agriatv.hu\/wp-content\/uploads\/2017\/12\/579717.325x183.jpg\"><img loading=\"lazy\" decoding=\"async\" class=\"alignleft wp-image-18576\" src=\"https:\/\/www.agriatv.hu\/wp-content\/uploads\/2017\/12\/579717.325x183-300x169.jpg\" alt=\"\" width=\"217\" height=\"122\" srcset=\"https:\/\/www.agriatv.hu\/wp-content\/uploads\/2017\/12\/579717.325x183-300x169.jpg 300w, https:\/\/www.agriatv.hu\/wp-content\/uploads\/2017\/12\/579717.325x183.jpg 325w\" sizes=\"auto, (max-width: 217px) 100vw, 217px\" \/><\/a>T\u00f6bbet \u00e1rthatunk a k\u00f6rnyezetnek, ha m\u0171feny\u0151t vesz\u00fcnk, nem pedig \u00e9l\u0151t. Ezt mondj\u00e1k a szakemberek. A m\u0171feny\u0151k el\u0151\u00e1ll\u00edt\u00e1sa ugyanis sok energi\u00e1ba ker\u00fcl, r\u00e1ad\u00e1sul PVC-b\u0151l k\u00e9sz\u00fclnek, ami egy nagyon lassan leboml\u00f3 anyag, ha pedig el\u00e9getik, akkor a leveg\u0151be ker\u00fclve k\u00e1ros lehet az eg\u00e9szs\u00e9gre, de a m\u0171anyag a tengerekbe is beker\u00fcl, s\u0151t az \u00e9lelmiszerekbe is visszajuthat.<\/p>\n<p><iframe loading=\"lazy\" src=\"\/\/tenyek.hu\/neoplayer\/tv2\/embed\/251922_karosabb-lehet-a-mufenyo-mint-az-elo.html\" width=\"640\" height=\"360\" frameborder=\"0\" scrolling=\"no\" allowfullscreen=\"allowfullscreen\"><\/iframe><\/p>\n","protected":false},"excerpt":{"rendered":"<p>T\u00f6bbet \u00e1rthatunk a k\u00f6rnyezetnek, ha m\u0171feny\u0151t vesz\u00fcnk, nem pedig \u00e9l\u0151t. Ezt mondj\u00e1k a szakemberek. A m\u0171feny\u0151k el\u0151\u00e1ll\u00edt\u00e1sa ugyanis sok energi\u00e1ba ker\u00fcl, r\u00e1ad\u00e1sul PVC-b\u0151l k\u00e9sz\u00fclnek, ami egy nagyon lassan leboml\u00f3 anyag, ha pedig el\u00e9getik, akkor a leveg\u0151be ker\u00fclve k\u00e1ros lehet az eg\u00e9szs\u00e9gre, de a m\u0171anyag a tengerekbe is beker\u00fcl, s\u0151t az \u00e9lelmiszerekbe is visszajuthat.<\/p>\n","protected":false},"author":4,"featured_media":0,"comment_status":"open","ping_status":"closed","sticky":false,"template":"","format":"standard","meta":{"footnotes":""},"categories":[6,4],"tags":[776,658,1017,2972,2609],"class_list":["post-18575","post","type-post","status-publish","format-standard","hentry","category-belfold","category-szabadido","tag-fenyo","tag-karacsony","tag-kornyezet","tag-mufenyo","tag-szennyezes"],"_links":{"self":[{"href":"https:\/\/www.agriatv.hu\/index.php?rest_route=\/wp\/v2\/posts\/18575","targetHints":{"allow":["GET"]}}],"collection":[{"href":"https:\/\/www.agriatv.hu\/index.php?rest_route=\/wp\/v2\/posts"}],"about":[{"href":"https:\/\/www.agriatv.hu\/index.php?rest_route=\/wp\/v2\/types\/post"}],"author":[{"embeddable":true,"href":"https:\/\/www.agriatv.hu\/index.php?rest_route=\/wp\/v2\/users\/4"}],"replies":[{"embeddable":true,"href":"https:\/\/www.agriatv.hu\/index.php?rest_route=%2Fwp%2Fv2%2Fcomments&post=18575"}],"version-history":[{"count":1,"href":"https:\/\/www.agriatv.hu\/index.php?rest_route=\/wp\/v2\/posts\/18575\/revisions"}],"predecessor-version":[{"id":18577,"href":"https:\/\/www.agriatv.hu\/index.php?rest_route=\/wp\/v2\/posts\/18575\/revisions\/18577"}],"wp:attachment":[{"href":"https:\/\/www.agriatv.hu\/index.php?rest_route=%2Fwp%2Fv2%2Fmedia&parent=18575"}],"wp:term":[{"taxonomy":"category","embeddable":true,"href":"https:\/\/www.agriatv.hu\/index.php?rest_route=%2Fwp%2Fv2%2Fcategories&post=18575"},{"taxonomy":"post_tag","embeddable":true,"href":"https:\/\/www.agriatv.hu\/index.php?rest_route=%2Fwp%2Fv2%2Ftags&post=18575"}],"curies":[{"name":"wp","href":"https:\/\/api.w.org\/{rel}","templated":true}]}}