{"id":18593,"date":"2017-12-24T20:10:46","date_gmt":"2017-12-24T20:10:46","guid":{"rendered":"http:\/\/www.agriatv.hu\/?p=18593"},"modified":"2017-12-24T20:10:46","modified_gmt":"2017-12-24T20:10:46","slug":"mar-eg-a-negyedik-gyertya","status":"publish","type":"post","link":"https:\/\/www.agriatv.hu\/?p=18593","title":{"rendered":"M\u00e1r \u00e9g a negyedik gyertya"},"content":{"rendered":"<p style=\"text-align: justify;\"><a href=\"https:\/\/www.agriatv.hu\/wp-content\/uploads\/2017\/12\/580075.325x183.jpg\"><img loading=\"lazy\" decoding=\"async\" class=\"alignleft  wp-image-18594\" src=\"https:\/\/www.agriatv.hu\/wp-content\/uploads\/2017\/12\/580075.325x183-300x169.jpg\" alt=\"\" width=\"195\" height=\"110\" srcset=\"https:\/\/www.agriatv.hu\/wp-content\/uploads\/2017\/12\/580075.325x183-300x169.jpg 300w, https:\/\/www.agriatv.hu\/wp-content\/uploads\/2017\/12\/580075.325x183.jpg 325w\" sizes=\"auto, (max-width: 195px) 100vw, 195px\" \/><\/a>Az egri \u00e9rsek gy\u00fajtotta meg a negyedik adventi gyerty\u00e1t a koszor\u00fan Egerben. A t\u00e9ren sokan hallgatt\u00e1k, arr\u00f3l besz\u00e9lt, hogy kar\u00e1csonykor az Isten ember lesz az\u00e9rt, hogy az ember r\u00e1d\u00f6bbenjen Isteni hivat\u00e1s\u00e1ra. Advent utols\u00f3 vas\u00e1rnapja id\u00e9n szentest\u00e9re esik, m\u00e9gis sokan voltak, akik a nagy k\u00e9sz\u00fcl\u0151d\u00e9s k\u00f6zben is id\u0151t szak\u00edtottak arra, hogy ott legyenek a k\u00f6z\u00f6s gyertyagy\u00fajt\u00e1son.<\/p>\n<p><iframe loading=\"lazy\" src=\"\/\/tenyek.hu\/neoplayer\/tv2\/embed\/252116_mar-eg-a-negyedik-gyertya.html\" width=\"640\" height=\"360\" frameborder=\"0\" scrolling=\"no\" allowfullscreen=\"allowfullscreen\"><\/iframe><\/p>\n","protected":false},"excerpt":{"rendered":"<p>Az egri \u00e9rsek gy\u00fajtotta meg a negyedik adventi gyerty\u00e1t a koszor\u00fan Egerben. A t\u00e9ren sokan hallgatt\u00e1k, arr\u00f3l besz\u00e9lt, hogy kar\u00e1csonykor az Isten ember lesz az\u00e9rt, hogy az ember r\u00e1d\u00f6bbenjen Isteni hivat\u00e1s\u00e1ra. Advent utols\u00f3 vas\u00e1rnapja id\u00e9n szentest\u00e9re esik, m\u00e9gis sokan voltak, akik a nagy k\u00e9sz\u00fcl\u0151d\u00e9s k\u00f6zben is id\u0151t szak\u00edtottak arra, hogy ott legyenek a k\u00f6z\u00f6s gyertyagy\u00fajt\u00e1son.<\/p>\n","protected":false},"author":4,"featured_media":0,"comment_status":"open","ping_status":"closed","sticky":false,"template":"","format":"standard","meta":{"footnotes":""},"categories":[6,8,4],"tags":[36,140,684,658,2974],"class_list":["post-18593","post","type-post","status-publish","format-standard","hentry","category-belfold","category-kultura","category-szabadido","tag-eger","tag-ersek","tag-gyertya","tag-karacsony","tag-szenteste"],"_links":{"self":[{"href":"https:\/\/www.agriatv.hu\/index.php?rest_route=\/wp\/v2\/posts\/18593","targetHints":{"allow":["GET"]}}],"collection":[{"href":"https:\/\/www.agriatv.hu\/index.php?rest_route=\/wp\/v2\/posts"}],"about":[{"href":"https:\/\/www.agriatv.hu\/index.php?rest_route=\/wp\/v2\/types\/post"}],"author":[{"embeddable":true,"href":"https:\/\/www.agriatv.hu\/index.php?rest_route=\/wp\/v2\/users\/4"}],"replies":[{"embeddable":true,"href":"https:\/\/www.agriatv.hu\/index.php?rest_route=%2Fwp%2Fv2%2Fcomments&post=18593"}],"version-history":[{"count":1,"href":"https:\/\/www.agriatv.hu\/index.php?rest_route=\/wp\/v2\/posts\/18593\/revisions"}],"predecessor-version":[{"id":18595,"href":"https:\/\/www.agriatv.hu\/index.php?rest_route=\/wp\/v2\/posts\/18593\/revisions\/18595"}],"wp:attachment":[{"href":"https:\/\/www.agriatv.hu\/index.php?rest_route=%2Fwp%2Fv2%2Fmedia&parent=18593"}],"wp:term":[{"taxonomy":"category","embeddable":true,"href":"https:\/\/www.agriatv.hu\/index.php?rest_route=%2Fwp%2Fv2%2Fcategories&post=18593"},{"taxonomy":"post_tag","embeddable":true,"href":"https:\/\/www.agriatv.hu\/index.php?rest_route=%2Fwp%2Fv2%2Ftags&post=18593"}],"curies":[{"name":"wp","href":"https:\/\/api.w.org\/{rel}","templated":true}]}}