{"id":18649,"date":"2018-01-14T12:17:25","date_gmt":"2018-01-14T12:17:25","guid":{"rendered":"http:\/\/www.agriatv.hu\/?p=18649"},"modified":"2018-01-14T12:17:49","modified_gmt":"2018-01-14T12:17:49","slug":"balesetek-egerben-es-a-kornyeken","status":"publish","type":"post","link":"https:\/\/www.agriatv.hu\/?p=18649","title":{"rendered":"Balesetek Egerben \u00e9s a k\u00f6rny\u00e9ken"},"content":{"rendered":"<p style=\"text-align: justify;\"><a href=\"https:\/\/www.agriatv.hu\/wp-content\/uploads\/2018\/01\/2.jpg\"><img loading=\"lazy\" decoding=\"async\" class=\"alignleft wp-image-18650\" src=\"https:\/\/www.agriatv.hu\/wp-content\/uploads\/2018\/01\/2-300x225.jpg\" alt=\"\" width=\"168\" height=\"126\" srcset=\"https:\/\/www.agriatv.hu\/wp-content\/uploads\/2018\/01\/2-300x225.jpg 300w, https:\/\/www.agriatv.hu\/wp-content\/uploads\/2018\/01\/2.jpg 373w\" sizes=\"auto, (max-width: 168px) 100vw, 168px\" \/><\/a>N\u00e9gy s\u00e9r\u00fcltje van annak a balesetnek, amelyik szombat \u00e9jjel t\u00f6rt\u00e9nt a\u00a0 25-\u00f6s f\u0151\u00fat 22km k\u00f6v\u00e9n\u00e9l. Eger \u00e9s Szarvask\u0151 k\u00f6z\u00f6tt egy aut\u00f3 vezet\u0151je a kanyarban elvesz\u00edtette uralm\u00e1t a kocsi f\u00f6l\u00f6tt, egy 8 m\u00e9teres \u00e1rokba zuhantak.<\/p>\n<p style=\"text-align: justify;\">\u00dagy tudjuk a kocsiban tart\u00f3zkod\u00f3 n\u00e9gy ember k\u00f6z\u00fcl h\u00e1rom szerzett s\u00falyos s\u00e9r\u00fcl\u00e9seket: bordat\u00f6r\u00e9ssel \u00e9s csigolya reped\u00e9ssel sz\u00e1ll\u00edtott\u00e1k \u0151ket k\u00f3rh\u00e1zba. A helysz\u00ednel\u00e9s \u00e9s a ment\u00e9s idej\u00e9re f\u00e9lp\u00e1ly\u00e1s lez\u00e1r\u00e1s volt \u00e9rv\u00e9nyben<\/p>\n<p style=\"text-align: justify;\">\u00dagy tudjuk, a kocsi vezet\u0151je alkoholt fogyasztott a vezet\u00e9s megkezd\u00e9se el\u0151tt.<a href=\"https:\/\/www.agriatv.hu\/wp-content\/uploads\/2018\/01\/1.jpg\"><img loading=\"lazy\" decoding=\"async\" class=\"alignleft wp-image-18651\" src=\"https:\/\/www.agriatv.hu\/wp-content\/uploads\/2018\/01\/1-300x225.jpg\" alt=\"\" width=\"395\" height=\"296\" srcset=\"https:\/\/www.agriatv.hu\/wp-content\/uploads\/2018\/01\/1-300x225.jpg 300w, https:\/\/www.agriatv.hu\/wp-content\/uploads\/2018\/01\/1.jpg 373w\" sizes=\"auto, (max-width: 395px) 100vw, 395px\" \/><\/a><a href=\"https:\/\/www.agriatv.hu\/wp-content\/uploads\/2018\/01\/3.jpg\"><img loading=\"lazy\" decoding=\"async\" class=\"alignleft wp-image-18652\" src=\"https:\/\/www.agriatv.hu\/wp-content\/uploads\/2018\/01\/3-300x225.jpg\" alt=\"\" width=\"394\" height=\"296\" srcset=\"https:\/\/www.agriatv.hu\/wp-content\/uploads\/2018\/01\/3-300x225.jpg 300w, https:\/\/www.agriatv.hu\/wp-content\/uploads\/2018\/01\/3.jpg 373w\" sizes=\"auto, (max-width: 394px) 100vw, 394px\" \/><\/a><\/p>\n<p>&nbsp;<\/p>\n<p>&nbsp;<\/p>\n<p style=\"text-align: justify;\">Vas\u00e1rnap reggel egy m\u00e1sik kocsi miatt kellet lez\u00e1rni a Egerben a Sas utat. Egy aut\u00f3 az vas\u00fati \u00e1tj\u00e1r\u00f3 k\u00f6zel\u00e9ben az \u00fat menti \u00e1rokba cs\u00faszott. A kiemel\u00e9s idej\u00e9re teljesen lez\u00e1rt\u00e1k az utat.<\/p>\n<p style=\"text-align: justify;\">A fot\u00f3kat\u00a0Turi Ferenc k\u00fcldte. K\u00f6sz\u00f6nj\u00fck!<br \/>\n<img loading=\"lazy\" decoding=\"async\" class=\"alignleft wp-image-18653\" src=\"https:\/\/www.agriatv.hu\/wp-content\/uploads\/2018\/01\/4-300x225.jpg\" alt=\"\" width=\"395\" height=\"296\" srcset=\"https:\/\/www.agriatv.hu\/wp-content\/uploads\/2018\/01\/4-300x225.jpg 300w, https:\/\/www.agriatv.hu\/wp-content\/uploads\/2018\/01\/4.jpg 373w\" sizes=\"auto, (max-width: 395px) 100vw, 395px\" \/><\/p>\n","protected":false},"excerpt":{"rendered":"<p>N\u00e9gy s\u00e9r\u00fcltje van annak a balesetnek, amelyik szombat \u00e9jjel t\u00f6rt\u00e9nt a\u00a0 25-\u00f6s f\u0151\u00fat 22km k\u00f6v\u00e9n\u00e9l. Eger \u00e9s Szarvask\u0151 k\u00f6z\u00f6tt egy aut\u00f3 vezet\u0151je a kanyarban elvesz\u00edtette uralm\u00e1t a kocsi f\u00f6l\u00f6tt, egy 8 m\u00e9teres \u00e1rokba zuhantak.<br \/>\n\u00dagy tudjuk a kocsiban tart\u00f3zkod\u00f3 n\u00e9gy ember k\u00f6z\u00fcl h\u00e1rom szerzett s\u00falyos s\u00e9r\u00fcl\u00e9seket: bordat\u00f6r\u00e9ssel \u00e9s csigolya reped\u00e9ssel sz\u00e1ll\u00edtott\u00e1k \u0151ket k\u00f3rh\u00e1zba. A helysz\u00ednel\u00e9s \u00e9s [&#8230;]<\/p>\n","protected":false},"author":4,"featured_media":0,"comment_status":"open","ping_status":"closed","sticky":false,"template":"","format":"standard","meta":{"footnotes":""},"categories":[5],"tags":[2183,41,2375,36,872,1447],"class_list":["post-18649","post","type-post","status-publish","format-standard","hentry","category-kek-hirek","tag-arok","tag-baleset","tag-csuszas","tag-eger","tag-ho","tag-mentes"],"_links":{"self":[{"href":"https:\/\/www.agriatv.hu\/index.php?rest_route=\/wp\/v2\/posts\/18649","targetHints":{"allow":["GET"]}}],"collection":[{"href":"https:\/\/www.agriatv.hu\/index.php?rest_route=\/wp\/v2\/posts"}],"about":[{"href":"https:\/\/www.agriatv.hu\/index.php?rest_route=\/wp\/v2\/types\/post"}],"author":[{"embeddable":true,"href":"https:\/\/www.agriatv.hu\/index.php?rest_route=\/wp\/v2\/users\/4"}],"replies":[{"embeddable":true,"href":"https:\/\/www.agriatv.hu\/index.php?rest_route=%2Fwp%2Fv2%2Fcomments&post=18649"}],"version-history":[{"count":2,"href":"https:\/\/www.agriatv.hu\/index.php?rest_route=\/wp\/v2\/posts\/18649\/revisions"}],"predecessor-version":[{"id":18655,"href":"https:\/\/www.agriatv.hu\/index.php?rest_route=\/wp\/v2\/posts\/18649\/revisions\/18655"}],"wp:attachment":[{"href":"https:\/\/www.agriatv.hu\/index.php?rest_route=%2Fwp%2Fv2%2Fmedia&parent=18649"}],"wp:term":[{"taxonomy":"category","embeddable":true,"href":"https:\/\/www.agriatv.hu\/index.php?rest_route=%2Fwp%2Fv2%2Fcategories&post=18649"},{"taxonomy":"post_tag","embeddable":true,"href":"https:\/\/www.agriatv.hu\/index.php?rest_route=%2Fwp%2Fv2%2Ftags&post=18649"}],"curies":[{"name":"wp","href":"https:\/\/api.w.org\/{rel}","templated":true}]}}