{"id":18776,"date":"2018-02-26T20:18:52","date_gmt":"2018-02-26T20:18:52","guid":{"rendered":"http:\/\/www.agriatv.hu\/?p=18776"},"modified":"2018-02-26T20:18:53","modified_gmt":"2018-02-26T20:18:53","slug":"rekordhideg-volt-meg-hidegebb-lesz","status":"publish","type":"post","link":"https:\/\/www.agriatv.hu\/?p=18776","title":{"rendered":"Rekordhideg volt, m\u00e9g hidegebb lesz"},"content":{"rendered":"<p style=\"text-align: justify;\"><a href=\"https:\/\/www.agriatv.hu\/wp-content\/uploads\/2018\/02\/587937.325x183.jpg\"><img loading=\"lazy\" decoding=\"async\" class=\"alignleft  wp-image-18777\" src=\"https:\/\/www.agriatv.hu\/wp-content\/uploads\/2018\/02\/587937.325x183-300x169.jpg\" alt=\"\" width=\"222\" height=\"125\" srcset=\"https:\/\/www.agriatv.hu\/wp-content\/uploads\/2018\/02\/587937.325x183-300x169.jpg 300w, https:\/\/www.agriatv.hu\/wp-content\/uploads\/2018\/02\/587937.325x183.jpg 325w\" sizes=\"auto, (max-width: 222px) 100vw, 222px\" \/><\/a>Rekordhideg tombol az orsz\u00e1gban \u00e9s ez \u00edgy is marad! A h\u00e9t m\u00e1sodik fel\u00e9ben m\u00e1r m\u00ednusz 20 fok is lehet a h\u00f3 bor\u00edtotta vid\u00e9keken, az orsz\u00e1g nagy r\u00e9sz\u00e9n pedig m\u00ednusz 15 fok v\u00e1rhat\u00f3. Az Orsz\u00e1gos Meteorol\u00f3giai Szolg\u00e1lat t\u00f6bb megy\u00e9re is figyelmeztet\u00e9st adott ki a havaz\u00e1s \u00e9s h\u00f3f\u00fav\u00e1s miatt. Vas megy\u00e9ben ma is h\u00f3f\u00fav\u00e1s nehez\u00edtette a k\u00f6zleked\u00e9st.<\/p>\n<blockquote class=\"embedly-card\" data-card-controls=\"1\" data-card-align=\"center\" data-card-theme=\"light\" data-card-key=\"bbb82e0305934450ba516e363ef455a7\">\n<h4><a href=\"http:\/\/rtl.hu\/rtlklub\/hirek\/a-kovetkezo-napokban-sem-jon-az-enyhules\">RTL.hu<\/a><\/h4>\n<p>No Description<\/p>\n<\/blockquote>\n<p><script async src=\"\/\/cdn.embedly.com\/widgets\/platform.js\" charset=\"UTF-8\"><\/script><\/p>\n<blockquote class=\"embedly-card\" data-card-controls=\"1\" data-card-align=\"center\" data-card-theme=\"light\" data-card-key=\"bbb82e0305934450ba516e363ef455a7\">\n<h4><a href=\"http:\/\/www.atv.hu\/videok\/video-20180226-jon-a-rekordhideg\">ATV.hu<\/a><\/h4>\n<p>Az ATV az els\u0151 mag\u00e1ntelev\u00edzi\u00f3 haz\u00e1nkban. A min\u0151s\u00e9gi, sz\u00ednvonalas, magas \u00e9rt\u00e9krend\u0171 m\u0171sorok k\u00e9sz\u00edt\u00e9s\u00e9t \u00e9s sug\u00e1rz\u00e1s\u00e1t c\u00e9lul kit\u0171z\u0151 kereskedelmi csatorna.<\/p>\n<\/blockquote>\n<p><script async src=\"\/\/cdn.embedly.com\/widgets\/platform.js\" charset=\"UTF-8\"><\/script><\/p>\n","protected":false},"excerpt":{"rendered":"<p>Rekordhideg tombol az orsz\u00e1gban \u00e9s ez \u00edgy is marad! A h\u00e9t m\u00e1sodik fel\u00e9ben m\u00e1r m\u00ednusz 20 fok is lehet a h\u00f3 bor\u00edtotta vid\u00e9keken, az orsz\u00e1g nagy r\u00e9sz\u00e9n pedig m\u00ednusz 15 fok v\u00e1rhat\u00f3. Az Orsz\u00e1gos Meteorol\u00f3giai Szolg\u00e1lat t\u00f6bb megy\u00e9re is figyelmeztet\u00e9st adott ki a havaz\u00e1s \u00e9s h\u00f3f\u00fav\u00e1s miatt. Vas megy\u00e9ben ma is h\u00f3f\u00fav\u00e1s nehez\u00edtette a k\u00f6zleked\u00e9st.<\/p>\n<p>RTL.hu<br \/>\nNo [&#8230;]<\/p>\n","protected":false},"author":4,"featured_media":0,"comment_status":"open","ping_status":"closed","sticky":false,"template":"","format":"standard","meta":{"footnotes":""},"categories":[6,11,4],"tags":[892,38,894,4417],"class_list":["post-18776","post","type-post","status-publish","format-standard","hentry","category-belfold","category-sport","category-szabadido","tag-hideg","tag-matra","tag-rekord","tag-sport"],"_links":{"self":[{"href":"https:\/\/www.agriatv.hu\/index.php?rest_route=\/wp\/v2\/posts\/18776","targetHints":{"allow":["GET"]}}],"collection":[{"href":"https:\/\/www.agriatv.hu\/index.php?rest_route=\/wp\/v2\/posts"}],"about":[{"href":"https:\/\/www.agriatv.hu\/index.php?rest_route=\/wp\/v2\/types\/post"}],"author":[{"embeddable":true,"href":"https:\/\/www.agriatv.hu\/index.php?rest_route=\/wp\/v2\/users\/4"}],"replies":[{"embeddable":true,"href":"https:\/\/www.agriatv.hu\/index.php?rest_route=%2Fwp%2Fv2%2Fcomments&post=18776"}],"version-history":[{"count":1,"href":"https:\/\/www.agriatv.hu\/index.php?rest_route=\/wp\/v2\/posts\/18776\/revisions"}],"predecessor-version":[{"id":18778,"href":"https:\/\/www.agriatv.hu\/index.php?rest_route=\/wp\/v2\/posts\/18776\/revisions\/18778"}],"wp:attachment":[{"href":"https:\/\/www.agriatv.hu\/index.php?rest_route=%2Fwp%2Fv2%2Fmedia&parent=18776"}],"wp:term":[{"taxonomy":"category","embeddable":true,"href":"https:\/\/www.agriatv.hu\/index.php?rest_route=%2Fwp%2Fv2%2Fcategories&post=18776"},{"taxonomy":"post_tag","embeddable":true,"href":"https:\/\/www.agriatv.hu\/index.php?rest_route=%2Fwp%2Fv2%2Ftags&post=18776"}],"curies":[{"name":"wp","href":"https:\/\/api.w.org\/{rel}","templated":true}]}}