{"id":18820,"date":"2018-03-12T13:17:06","date_gmt":"2018-03-12T13:17:06","guid":{"rendered":"http:\/\/www.agriatv.hu\/?p=18820"},"modified":"2018-03-12T13:17:21","modified_gmt":"2018-03-12T13:17:21","slug":"beszakadt-az-ut-a-csiky-utcaban-nezzen-be-velunk-a-lyukba","status":"publish","type":"post","link":"https:\/\/www.agriatv.hu\/?p=18820","title":{"rendered":"Beszakadt az \u00fat a Csiky utc\u00e1ban: n\u00e9zzen be vel\u00fcnk a lyukba"},"content":{"rendered":"<div class=\"enews-article-lead\" style=\"text-align: justify;\"><strong><a href=\"https:\/\/www.agriatv.hu\/wp-content\/uploads\/2018\/03\/f-3.jpg\"><img loading=\"lazy\" decoding=\"async\" class=\"alignleft wp-image-18821\" src=\"https:\/\/www.agriatv.hu\/wp-content\/uploads\/2018\/03\/f-3-300x169.jpg\" alt=\"\" width=\"211\" height=\"119\" srcset=\"https:\/\/www.agriatv.hu\/wp-content\/uploads\/2018\/03\/f-3-300x169.jpg 300w, https:\/\/www.agriatv.hu\/wp-content\/uploads\/2018\/03\/f-3-768x432.jpg 768w, https:\/\/www.agriatv.hu\/wp-content\/uploads\/2018\/03\/f-3-1024x576.jpg 1024w, https:\/\/www.agriatv.hu\/wp-content\/uploads\/2018\/03\/f-3.jpg 1920w\" sizes=\"auto, (max-width: 211px) 100vw, 211px\" \/><\/a>H\u00e9tf\u0151n a reggeli \u00f3r\u00e1kban beszakadt az \u00fatp\u00e1lya Egerben, a Csiky utca \u00e9s a Bark\u00f3czy \u00fat tal\u00e1lkoz\u00e1s\u00e1n\u00e1l.<\/strong><\/div>\n<div style=\"text-align: justify;\"><strong>Jelenleg is folyik a v\u00edz a kr\u00e1terben.<\/strong><\/div>\n<div class=\"enews-article-lead\" style=\"text-align: justify;\">A keletkezett lyuk fel\u00fclr\u0151l n\u00e9zve mintegy 40 x 40 cm-es kiterjed\u00e9s\u0171, alatta azonban egy m\u00e9ly kr\u00e1ter h\u00faz\u00f3dik, \u00edgy a k\u00f6zleked\u00e9s biztons\u00e1ga \u00e9rdek\u00e9ben sz\u00fcks\u00e9ges volt egy k\u00f6zel 4 x 4 m\u00e9teres ter\u00fclet forgalomt\u00f3l val\u00f3 elz\u00e1r\u00e1sa.<\/div>\n<div class=\"enews-article-content\">\n<p style=\"text-align: justify;\">A megold\u00e1st az egri Ter\u00fclet- \u00e9s Telep\u00fcl\u00e9sfejleszt\u00e9si Operat\u00edv Program (TOP) keret\u00e9ben tervezett \u2013 \u00e9s a Maczky utc\u00e1ban m\u00e1r el is kezdett \u2013 rekonstrukci\u00f3 \u00e1t\u00fctemez\u00e9se jelenti. A helyzet mihamarabbi rendez\u00e9se \u00e9rdek\u00e9ben a kivitelez\u0151 nem v\u00e9gez ideiglenes helyre\u00e1ll\u00edt\u00e1st (amely megk\u00f6zel\u00edt\u0151leg 8-10 milli\u00f3 forintba is ker\u00fclhetne), hanem a TOP forr\u00e1s terh\u00e9re tervezett, v\u00e9gleges megold\u00e1st k\u00e9sz\u00edti el\u0151, egy\u00fcttm\u0171k\u00f6d\u00e9sben az egri \u00f6nkorm\u00e1nyzattal \u00e9s a Heves Megyei V\u00edzm\u0171 Zrt-vel.<\/p>\n<p style=\"text-align: justify;\">Az egri \u00f6nkorm\u00e1nyzat az aut\u00f3sok \u00e9s a k\u00f6zleked\u0151k t\u00fcrelm\u00e9t k\u00e9ri, s egyben felh\u00edvj\u00e1k a figyelmet arra, hogy ne megszok\u00e1sb\u00f3l k\u00f6zlekedjenek, hanem fokozott \u00f3vatoss\u00e1ggal k\u00f6zel\u00edts\u00e9k meg a Csiky \u00e9s Bark\u00f3czy utc\u00e1k keresztez\u0151d\u00e9s\u00e9t! A jelenlegi helyzetben \u2013 a buszok, a k\u00e9tir\u00e1ny\u00fa aut\u00f3s forgalom \u00e9s a Csiky utc\u00e1n felfel\u00e9 k\u00f6zleked\u0151k \u00fatj\u00e1nak biztos\u00edt\u00e1sa \u00e9rdek\u00e9ben \u2013 fontos a t\u00fcrelem \u00e9s a figyelmes k\u00f6zleked\u00e9s.<\/p>\n<p><strong>Felv\u00e9tel\u00fcnk\u00f6n j\u00f3l l\u00e1tszik \u00e9s hallatszik, hogy jelenleg is nagy mennyis\u00e9g\u0171 v\u00edz mossa tov\u00e1bb az \u00fcreget.<\/strong><\/p>\n\n<div class=\"youtube-embed ye-container\" itemprop=\"video\" itemscope itemtype=\"https:\/\/schema.org\/VideoObject\">\n\t<meta itemprop=\"url\" content=\"https:\/\/www.youtube.com\/v\/wfU31_CP84U\" \/>\n\t<meta itemprop=\"name\" content=\"Beszakadt az \u00fat a Csiky utc\u00e1ban: n\u00e9zzen be vel\u00fcnk a lyukba\" \/>\n\t<meta itemprop=\"description\" content=\"Beszakadt az \u00fat a Csiky utc\u00e1ban: n\u00e9zzen be vel\u00fcnk a lyukba\" \/>\n\t<meta itemprop=\"uploadDate\" content=\"2018-03-12T13:17:06+00:00\" \/>\n\t<meta itemprop=\"thumbnailUrl\" content=\"https:\/\/i.ytimg.com\/vi\/wfU31_CP84U\/default.jpg\" \/>\n\t<meta itemprop=\"embedUrl\" content=\"https:\/\/www.youtube.com\/embed\/wfU31_CP84U\" \/>\n\t<meta itemprop=\"height\" content=\"1080\" \/>\n\t<meta itemprop=\"width\" content=\"1920\" \/>\n\t<iframe loading=\"lazy\" style=\"border: 0;\" class=\"youtube-player\" width=\"1920\" height=\"1080\" src=\"https:\/\/www.youtube.com\/embed\/wfU31_CP84U?modestbranding=1&fs=0&rel=0\"><\/iframe>\n<\/div>\n\n<p style=\"text-align: justify;\">\n<\/div>\n","protected":false},"excerpt":{"rendered":"<p>H\u00e9tf\u0151n a reggeli \u00f3r\u00e1kban beszakadt az \u00fatp\u00e1lya Egerben, a Csiky utca \u00e9s a Bark\u00f3czy \u00fat tal\u00e1lkoz\u00e1s\u00e1n\u00e1l.<br \/>\nJelenleg is folyik a v\u00edz a kr\u00e1terben.<br \/>\nA keletkezett lyuk fel\u00fclr\u0151l n\u00e9zve mintegy 40 x 40 cm-es kiterjed\u00e9s\u0171, alatta azonban egy m\u00e9ly kr\u00e1ter h\u00faz\u00f3dik, \u00edgy a k\u00f6zleked\u00e9s biztons\u00e1ga \u00e9rdek\u00e9ben sz\u00fcks\u00e9ges volt egy k\u00f6zel 4 x 4 m\u00e9teres ter\u00fclet forgalomt\u00f3l val\u00f3 elz\u00e1r\u00e1sa.<\/p>\n<p>A [&#8230;]<\/p>\n","protected":false},"author":4,"featured_media":0,"comment_status":"open","ping_status":"closed","sticky":false,"template":"","format":"standard","meta":{"footnotes":""},"categories":[6],"tags":[36,3020,649,321,3021],"class_list":["post-18820","post","type-post","status-publish","format-standard","hentry","category-belfold","tag-eger","tag-krater","tag-ut","tag-veszely","tag-vizmosas"],"_links":{"self":[{"href":"https:\/\/www.agriatv.hu\/index.php?rest_route=\/wp\/v2\/posts\/18820","targetHints":{"allow":["GET"]}}],"collection":[{"href":"https:\/\/www.agriatv.hu\/index.php?rest_route=\/wp\/v2\/posts"}],"about":[{"href":"https:\/\/www.agriatv.hu\/index.php?rest_route=\/wp\/v2\/types\/post"}],"author":[{"embeddable":true,"href":"https:\/\/www.agriatv.hu\/index.php?rest_route=\/wp\/v2\/users\/4"}],"replies":[{"embeddable":true,"href":"https:\/\/www.agriatv.hu\/index.php?rest_route=%2Fwp%2Fv2%2Fcomments&post=18820"}],"version-history":[{"count":2,"href":"https:\/\/www.agriatv.hu\/index.php?rest_route=\/wp\/v2\/posts\/18820\/revisions"}],"predecessor-version":[{"id":18823,"href":"https:\/\/www.agriatv.hu\/index.php?rest_route=\/wp\/v2\/posts\/18820\/revisions\/18823"}],"wp:attachment":[{"href":"https:\/\/www.agriatv.hu\/index.php?rest_route=%2Fwp%2Fv2%2Fmedia&parent=18820"}],"wp:term":[{"taxonomy":"category","embeddable":true,"href":"https:\/\/www.agriatv.hu\/index.php?rest_route=%2Fwp%2Fv2%2Fcategories&post=18820"},{"taxonomy":"post_tag","embeddable":true,"href":"https:\/\/www.agriatv.hu\/index.php?rest_route=%2Fwp%2Fv2%2Ftags&post=18820"}],"curies":[{"name":"wp","href":"https:\/\/api.w.org\/{rel}","templated":true}]}}