{"id":18839,"date":"2018-03-15T21:59:29","date_gmt":"2018-03-15T21:59:29","guid":{"rendered":"http:\/\/www.agriatv.hu\/?p=18839"},"modified":"2018-03-15T22:12:26","modified_gmt":"2018-03-15T22:12:26","slug":"havazassal-jon-vissza-a-tel","status":"publish","type":"post","link":"https:\/\/www.agriatv.hu\/?p=18839","title":{"rendered":"Havaz\u00e1ssal j\u00f6n vissza a t\u00e9l"},"content":{"rendered":"<p style=\"text-align: justify;\"><a href=\"https:\/\/www.agriatv.hu\/wp-content\/uploads\/2018\/03\/590375.325x183.jpg\"><img loading=\"lazy\" decoding=\"async\" class=\"alignleft wp-image-18840\" src=\"https:\/\/www.agriatv.hu\/wp-content\/uploads\/2018\/03\/590375.325x183-300x169.jpg\" alt=\"\" width=\"224\" height=\"126\" srcset=\"https:\/\/www.agriatv.hu\/wp-content\/uploads\/2018\/03\/590375.325x183-300x169.jpg 300w, https:\/\/www.agriatv.hu\/wp-content\/uploads\/2018\/03\/590375.325x183.jpg 325w\" sizes=\"auto, (max-width: 224px) 100vw, 224px\" \/><\/a>Havaz\u00e1ssal \u00e9s helyenk\u00e9nt m\u00ednusz 15 fokkal t\u00e9r vissza a t\u00e9l. Szombaton m\u00e1r sz\u00e1m\u00edtani kell h\u00f3ra, \u00f3nos es\u0151re \u00e9s fagyott es\u0151re is. Kem\u00e9ny hidegek j\u00f6nnek, vas\u00e1rnap \u00e9s a j\u00f6v\u0151 h\u00e9t els\u0151 fel\u00e9ben fagypont alatt lesz m\u00e9g d\u00e9lut\u00e1n is a h\u0151m\u00e9rs\u00e9klet. A visszat\u00e9r\u0151 m\u00ednuszok sokakn\u00e1l eg\u00e9szs\u00e9g\u00fcgyi probl\u00e9m\u00e1kat is okozhatnak.<\/p>\n<p><iframe loading=\"lazy\" src=\"\/\/tenyek.hu\/neoplayer\/tv2\/embed\/257447_havazassal-jon-vissza-a-tel.html\" width=\"640\" height=\"360\" frameborder=\"0\" scrolling=\"no\" allowfullscreen=\"allowfullscreen\"><\/iframe><\/p>\n<blockquote class=\"embedly-card\" data-card-controls=\"1\" data-card-align=\"center\" data-card-theme=\"light\" data-card-key=\"bbb82e0305934450ba516e363ef455a7\">\n<h4><a href=\"http:\/\/rtl.hu\/rtlklub\/hirek\/olvadas-es-havazas\">RTL.hu<\/a><\/h4>\n<p>No Description<\/p>\n<\/blockquote>\n<p><script async src=\"\/\/cdn.embedly.com\/widgets\/platform.js\" charset=\"UTF-8\"><\/script><\/p>\n","protected":false},"excerpt":{"rendered":"<p>Havaz\u00e1ssal \u00e9s helyenk\u00e9nt m\u00ednusz 15 fokkal t\u00e9r vissza a t\u00e9l. Szombaton m\u00e1r sz\u00e1m\u00edtani kell h\u00f3ra, \u00f3nos es\u0151re \u00e9s fagyott es\u0151re is. Kem\u00e9ny hidegek j\u00f6nnek, vas\u00e1rnap \u00e9s a j\u00f6v\u0151 h\u00e9t els\u0151 fel\u00e9ben fagypont alatt lesz m\u00e9g d\u00e9lut\u00e1n is a h\u0151m\u00e9rs\u00e9klet. A visszat\u00e9r\u0151 m\u00ednuszok sokakn\u00e1l eg\u00e9szs\u00e9g\u00fcgyi probl\u00e9m\u00e1kat is okozhatnak.<\/p>\n<p>RTL.hu<br \/>\nNo Description<\/p>\n","protected":false},"author":4,"featured_media":0,"comment_status":"open","ping_status":"closed","sticky":false,"template":"","format":"standard","meta":{"footnotes":""},"categories":[6,4],"tags":[892,872,899,988,648],"class_list":["post-18839","post","type-post","status-publish","format-standard","hentry","category-belfold","category-szabadido","tag-hideg","tag-ho","tag-idojaras","tag-tavasz","tag-tel"],"_links":{"self":[{"href":"https:\/\/www.agriatv.hu\/index.php?rest_route=\/wp\/v2\/posts\/18839","targetHints":{"allow":["GET"]}}],"collection":[{"href":"https:\/\/www.agriatv.hu\/index.php?rest_route=\/wp\/v2\/posts"}],"about":[{"href":"https:\/\/www.agriatv.hu\/index.php?rest_route=\/wp\/v2\/types\/post"}],"author":[{"embeddable":true,"href":"https:\/\/www.agriatv.hu\/index.php?rest_route=\/wp\/v2\/users\/4"}],"replies":[{"embeddable":true,"href":"https:\/\/www.agriatv.hu\/index.php?rest_route=%2Fwp%2Fv2%2Fcomments&post=18839"}],"version-history":[{"count":1,"href":"https:\/\/www.agriatv.hu\/index.php?rest_route=\/wp\/v2\/posts\/18839\/revisions"}],"predecessor-version":[{"id":18841,"href":"https:\/\/www.agriatv.hu\/index.php?rest_route=\/wp\/v2\/posts\/18839\/revisions\/18841"}],"wp:attachment":[{"href":"https:\/\/www.agriatv.hu\/index.php?rest_route=%2Fwp%2Fv2%2Fmedia&parent=18839"}],"wp:term":[{"taxonomy":"category","embeddable":true,"href":"https:\/\/www.agriatv.hu\/index.php?rest_route=%2Fwp%2Fv2%2Fcategories&post=18839"},{"taxonomy":"post_tag","embeddable":true,"href":"https:\/\/www.agriatv.hu\/index.php?rest_route=%2Fwp%2Fv2%2Ftags&post=18839"}],"curies":[{"name":"wp","href":"https:\/\/api.w.org\/{rel}","templated":true}]}}