{"id":18846,"date":"2018-03-16T22:49:50","date_gmt":"2018-03-16T22:49:50","guid":{"rendered":"http:\/\/www.agriatv.hu\/?p=18846"},"modified":"2018-03-16T22:49:50","modified_gmt":"2018-03-16T22:49:50","slug":"havazassal-es-onos-esovel-jon-a-tel","status":"publish","type":"post","link":"https:\/\/www.agriatv.hu\/?p=18846","title":{"rendered":"Havaz\u00e1ssal \u00e9s \u00f3nos es\u0151vel j\u00f6n a t\u00e9l"},"content":{"rendered":"<p style=\"text-align: justify;\"><a href=\"https:\/\/www.agriatv.hu\/wp-content\/uploads\/2018\/03\/590407.325x183.jpg\"><img loading=\"lazy\" decoding=\"async\" class=\"alignleft wp-image-18847\" src=\"https:\/\/www.agriatv.hu\/wp-content\/uploads\/2018\/03\/590407.325x183-300x169.jpg\" alt=\"\" width=\"197\" height=\"111\" srcset=\"https:\/\/www.agriatv.hu\/wp-content\/uploads\/2018\/03\/590407.325x183-300x169.jpg 300w, https:\/\/www.agriatv.hu\/wp-content\/uploads\/2018\/03\/590407.325x183.jpg 325w\" sizes=\"auto, (max-width: 197px) 100vw, 197px\" \/><\/a>Havaz\u00e1s, s\u0151t h\u00f3f\u00fav\u00e1s j\u00f6het holnapt\u00f3l, ak\u00e1r kilencven kilom\u00e9teres sz\u00e9l is lehet egyes helyeken. M\u00e1r ma is kellemetlen\u00fcl hideg volt \u00e9s sokfel\u00e9 esett. M\u00e1rcius k\u00f6zep\u00e9n ritk\u00e1n szokott havazni, \u00f6t \u00e9ve viszont \u00e9ppen a nemzeti \u00fcnnepen \u00f3ri\u00e1si k\u00e1oszt okozott a h\u00f3vihar, mindenki f\u00e9l, hogy megism\u00e9tl\u0151dhet a hatalmas havaz\u00e1s.<\/p>\n<p><iframe loading=\"lazy\" src=\"\/\/tenyek.hu\/neoplayer\/tv2\/embed\/257473_havazassal-es-onos-esovel-jon-a-tel.html\" width=\"640\" height=\"360\" frameborder=\"0\" scrolling=\"no\" allowfullscreen=\"allowfullscreen\"><\/iframe><\/p>\n","protected":false},"excerpt":{"rendered":"<p>Havaz\u00e1s, s\u0151t h\u00f3f\u00fav\u00e1s j\u00f6het holnapt\u00f3l, ak\u00e1r kilencven kilom\u00e9teres sz\u00e9l is lehet egyes helyeken. M\u00e1r ma is kellemetlen\u00fcl hideg volt \u00e9s sokfel\u00e9 esett. M\u00e1rcius k\u00f6zep\u00e9n ritk\u00e1n szokott havazni, \u00f6t \u00e9ve viszont \u00e9ppen a nemzeti \u00fcnnepen \u00f3ri\u00e1si k\u00e1oszt okozott a h\u00f3vihar, mindenki f\u00e9l, hogy megism\u00e9tl\u0151dhet a hatalmas havaz\u00e1s.<\/p>\n","protected":false},"author":4,"featured_media":0,"comment_status":"open","ping_status":"closed","sticky":false,"template":"","format":"standard","meta":{"footnotes":""},"categories":[6,4],"tags":[1104,899,2141],"class_list":["post-18846","post","type-post","status-publish","format-standard","hentry","category-belfold","category-szabadido","tag-havazas","tag-idojaras","tag-onos-eso"],"_links":{"self":[{"href":"https:\/\/www.agriatv.hu\/index.php?rest_route=\/wp\/v2\/posts\/18846","targetHints":{"allow":["GET"]}}],"collection":[{"href":"https:\/\/www.agriatv.hu\/index.php?rest_route=\/wp\/v2\/posts"}],"about":[{"href":"https:\/\/www.agriatv.hu\/index.php?rest_route=\/wp\/v2\/types\/post"}],"author":[{"embeddable":true,"href":"https:\/\/www.agriatv.hu\/index.php?rest_route=\/wp\/v2\/users\/4"}],"replies":[{"embeddable":true,"href":"https:\/\/www.agriatv.hu\/index.php?rest_route=%2Fwp%2Fv2%2Fcomments&post=18846"}],"version-history":[{"count":1,"href":"https:\/\/www.agriatv.hu\/index.php?rest_route=\/wp\/v2\/posts\/18846\/revisions"}],"predecessor-version":[{"id":18848,"href":"https:\/\/www.agriatv.hu\/index.php?rest_route=\/wp\/v2\/posts\/18846\/revisions\/18848"}],"wp:attachment":[{"href":"https:\/\/www.agriatv.hu\/index.php?rest_route=%2Fwp%2Fv2%2Fmedia&parent=18846"}],"wp:term":[{"taxonomy":"category","embeddable":true,"href":"https:\/\/www.agriatv.hu\/index.php?rest_route=%2Fwp%2Fv2%2Fcategories&post=18846"},{"taxonomy":"post_tag","embeddable":true,"href":"https:\/\/www.agriatv.hu\/index.php?rest_route=%2Fwp%2Fv2%2Ftags&post=18846"}],"curies":[{"name":"wp","href":"https:\/\/api.w.org\/{rel}","templated":true}]}}