{"id":18885,"date":"2018-03-26T15:07:19","date_gmt":"2018-03-26T15:07:19","guid":{"rendered":"http:\/\/www.agriatv.hu\/?p=18885"},"modified":"2018-03-26T15:19:29","modified_gmt":"2018-03-26T15:19:29","slug":"kra-tavaszi-kerteszeti-tanacsok","status":"publish","type":"post","link":"https:\/\/www.agriatv.hu\/?p=18885","title":{"rendered":"Kora tavaszi kert\u00e9szeti tan\u00e1csok"},"content":{"rendered":"<p style=\"text-align: justify;\"><a href=\"https:\/\/www.agriatv.hu\/wp-content\/uploads\/2018\/03\/lemoso_permetezes.jpg\"><img loading=\"lazy\" decoding=\"async\" class=\"alignleft wp-image-18886\" src=\"https:\/\/www.agriatv.hu\/wp-content\/uploads\/2018\/03\/lemoso_permetezes-300x200.jpg\" alt=\"\" width=\"162\" height=\"108\" srcset=\"https:\/\/www.agriatv.hu\/wp-content\/uploads\/2018\/03\/lemoso_permetezes-300x200.jpg 300w, https:\/\/www.agriatv.hu\/wp-content\/uploads\/2018\/03\/lemoso_permetezes-768x512.jpg 768w, https:\/\/www.agriatv.hu\/wp-content\/uploads\/2018\/03\/lemoso_permetezes.jpg 1000w\" sizes=\"auto, (max-width: 162px) 100vw, 162px\" \/><\/a>M\u00e1rcius a tavasz els\u0151 h\u00f3napja, ami a kert\u00e9szked\u0151k, kiskert tulajdonosok sz\u00e1m\u00e1ra a tavaszi munk\u00e1latok megkezd\u00e9s\u00e9t jelenti. Mivel egyre t\u00f6bbsz\u00f6r csal\u00f3dunk a m\u00e1rciusi-\u00e1prilisi id\u0151j\u00e1r\u00e1sban ez\u00e9rt mindenkit t\u00fcrelemre intek, \u00e9s arra biztatok, hogy mindent a maga idej\u00e9ben kezdjen csak el \u00e9s az id\u0151j\u00e1r\u00e1si el\u0151rejelz\u00e9sek figyelembev\u00e9tel\u00e9vel kezdjen neki a kerti munk\u00e1latoknak!<\/p>\n<p style=\"text-align: justify;\"><strong>Mi\u00e9rt is legy\u00fcnk k\u00f6r\u00fcltekint\u0151ek<\/strong>: Mivel a gy\u00fcm\u00f6lcsf\u00e1k, bogy\u00f3sok, \u00e9s a lassan a sz\u0151l\u0151 metsz\u00e9s\u00e9nek is itt az ideje, mindenki szeretne m\u00e1r t\u00fal lenni ezen munk\u00e1latokon, de ne kapkodjunk ha a talajunk \u201ebok\u00e1ig s\u00fcpped\u0151en s\u00e1ros\u201d mivel ha letapossuk \u00f6sszet\u00f6m\u00f6r\u00edtj\u00fck a talajt akkor az \u0151sszel elv\u00e9gzett talajlaz\u00edt\u00e1sunk, \u00e1s\u00f3z\u00e1sunk \u201ek\u00e1rba veszhet\u201d r\u00e1ad\u00e1sul a tavaszi \u00a0porhany\u00f3s j\u00f3l munk\u00e1lhat\u00f3 f\u00f6ldr\u0151l is csak t\u00f6bbletmunk\u00e1val tudunk majd gondoskodni!<\/p>\n<p style=\"text-align: justify;\">A gy\u00fcm\u00f6lcsf\u00e1k metsz\u00e9se sincs elk\u00e9sve mivel a megfelel\u0151, j\u00f3l megv\u00e1lasztott metsz\u00e9si id\u0151szak is nagyban hozz\u00e1j\u00e1rul a term\u00e9shozamunkhoz!<\/p>\n<p style=\"text-align: justify;\">A kora tavaszi metsz\u00e9sn\u00e9l vegy\u00fck figyelembe, hogy vannak gy\u00fcm\u00f6lcsf\u00e1k melyek fagy\u00e9rz\u00e9kenyek, mint pl. a mandula, \u0151szibarack vagy a kajszibarack ez\u00e9rt a lehets\u00e9ges fagyok miatt r\u00fcgyfakad\u00e1s ut\u00e1n is metszhetj\u00fck \u0151ket!<\/p>\n<p style=\"text-align: justify;\"><strong><a href=\"https:\/\/www.agriatv.hu\/wp-content\/uploads\/2018\/03\/novved_metszes.jpg\"><img loading=\"lazy\" decoding=\"async\" class=\"alignleft size-medium wp-image-18887\" src=\"https:\/\/www.agriatv.hu\/wp-content\/uploads\/2018\/03\/novved_metszes-300x163.jpg\" alt=\"\" width=\"300\" height=\"163\" srcset=\"https:\/\/www.agriatv.hu\/wp-content\/uploads\/2018\/03\/novved_metszes-300x163.jpg 300w, https:\/\/www.agriatv.hu\/wp-content\/uploads\/2018\/03\/novved_metszes-768x416.jpg 768w, https:\/\/www.agriatv.hu\/wp-content\/uploads\/2018\/03\/novved_metszes.jpg 1022w\" sizes=\"auto, (max-width: 300px) 100vw, 300px\" \/><\/a>Sokan k\u00e9rdezik, hogyan metssz\u00fck a gy\u00fcm\u00f6lcsf\u00e1kat<\/strong>: nagy \u00e1ltal\u00e1noss\u00e1gban egy-k\u00e9t j\u00f3 tan\u00e1csot lehet csak adni mivel fajt\u00e1t\u00f3l \u00e9s n\u00f6v\u00e9ny\u00fcnk \u00e9letkor\u00e1t\u00f3l is f\u00fcgg a metsz\u00e9si elj\u00e1r\u00e1s!<\/p>\n<p style=\"text-align: justify;\">Alak\u00edt\u00f3 metsz\u00e9sre fiatal m\u00e9g nem term\u0151 gy\u00fcm\u00f6lcsf\u00e1kn\u00e1l van sz\u00fcks\u00e9g, karbantart\u00f3 metsz\u00e9st term\u0151re fordul\u00e1s ut\u00e1n v\u00e9gz\u00fcnk, ifj\u00edt\u00f3 metsz\u00e9st pedig az id\u0151s, koros f\u00e1kn\u00e1l kell elv\u00e9gezn\u00fcnk.<\/p>\n<p style=\"text-align: justify;\">Alak\u00edt\u00f3 \u00e9s karbantart\u00f3 metsz\u00e9sn\u00e9l a r\u00fcgyek \u00e1ll\u00e1s\u00e1t \u00e9s a vessz\u0151k er\u0151ss\u00e9g\u00e9t vegy\u00fck figyelembe. Az \u00e1gakat als\u00f3 kifel\u00e9 \u00e1ll\u00f3 r\u00fcgyekre v\u00e1gjuk, valamint a gyenge v\u00e9kony vessz\u0151t r\u00f6vidre az er\u0151ssebeket hosszabbra metssz\u00fck! A koron\u00e1b\u00f3l ki kell metszeni a befel\u00e9 n\u00f6veked\u0151 vessz\u0151ket, gallyakat illetve az egym\u00e1st keresztez\u0151ket is! A helyes metsz\u00e9s sor\u00e1n szell\u0151s \u00e9s nem t\u00fal s\u0171r\u0171 koron\u00e1t kapunk. Mivel minden gy\u00fcm\u00f6lcsfa egyedi ez\u00e9rt ezeket a metsz\u00e9si szab\u00e1lyokat alapelvnek tekints\u00fck csak \u00e9s a fa alkat\u00e1t, fajt\u00e1j\u00e1t, habitus\u00e1t figyelembe v\u00e9ve v\u00e9gezz\u00fck el a metsz\u00e9st!<\/p>\n<p style=\"text-align: justify;\">M\u00e1r t\u00f6bbsz\u00f6r kihangs\u00falyoztuk a <strong>sebkezel\u00e9s<\/strong> fontoss\u00e1g\u00e1t a metsz\u00e9sek ut\u00e1n, ez\u00e9rt lehet\u0151s\u00e9g szerint a v\u00e1gott fel\u00fcleteket azonnal kenj\u00fck be, mert a sebz\u00e9seken kereszt\u00fcl a k\u00f3rokozok, k\u00e1rtev\u0151k \u00edgy m\u00e1r nem tudnak bejutni a n\u00f6v\u00e9nyek sz\u00f6veteibe. Ha a metsz\u00e9si munk\u00e1latokkal megvagyunk \u00e9s m\u00e1r nem fogunk a fa k\u00f6r\u00fcl talajt taposni a gy\u00fcm\u00f6lcsf\u00e1ink gy\u00f6kereit kell \u201e<strong>megszell\u0151ztetni\u201d<\/strong> egy kicsit. Ezt a m\u0171veletet t\u00e1ny\u00e9roz\u00e1snak h\u00edvjuk. Kap\u00e1val kap\u00e1ljuk k\u00f6rbe a f\u00e1t, j\u00f3l laz\u00edtsuk, puh\u00edtsuk meg a f\u00f6ldet k\u00f6r\u00fcl\u00f6tte, \u00edgy megszell\u0151zik. A t\u00e1ny\u00e9r m\u00e9ly\u00fclj\u00f6n a fa t\u00f6rzse fel\u00e9, \u00edgy sokkal t\u00f6bb v\u00edz fog koncentr\u00e1l\u00f3dni egy es\u0151 alkalm\u00e1val k\u00f6zvetlen\u00fcl a fa gy\u00f6kereihez!<\/p>\n<p style=\"text-align: justify;\">M\u00e1rciusban a legfontosabb \u00e9s egyben az els\u0151 n\u00f6v\u00e9nyv\u00e9delmi munk\u00e1latunk a <strong>kora tavaszi<\/strong> <strong>lemos\u00f3 permetez\u00e9s<\/strong>, nagyon sokat kihangs\u00falyoztuk m\u00e1r mi\u00e9rt is fontos, de p\u00e1r sz\u00f3ban most is besz\u00e9lj\u00fcnk r\u00f3la mivel az idei t\u00e9l nem volt t\u00falz\u00f3an kem\u00e9ny \u00e9s fagyos ez\u00e9rt az \u00e1ttelelt k\u00e1rokoz\u00f3k \u00e9s k\u00f3rokoz\u00f3k elleni els\u0151 l\u00e9p\u00e9s a megfelel\u0151 lemos\u00f3 permetez\u00e9s! A lemos\u00f3 permetez\u00e9st c\u00e9lszer\u0171 a metsz\u00e9sek ut\u00e1n elv\u00e9gezni, de mivel a csonth\u00e9jasokn\u00e1l m\u00e9g tarthatunk fagyk\u00e1rt\u00f3l ez\u00e9rt b\u00e1tran permetezz\u00fcnk, majd ut\u00e1na metsz\u00fcnk.<\/p>\n<p style=\"text-align: justify;\">Az id\u0151j\u00e1r\u00e1st figyelembe v\u00e9ve kezdj\u00fck meg a munk\u00e1t, azaz ne legyenek \u00e9jszakai fagyok \u00e9s a nappali h\u0151m\u00e9rs\u00e9klet 6-8 C fok k\u00f6r\u00fcl alakuljon. A lemos\u00f3 permetez\u00e9st nyugalmi \u00e1llapott\u00f3l a n\u00f6v\u00e9nyek feh\u00e9rbimb\u00f3s \u00e1llapot\u00e1ig c\u00e9lszer\u0171 v\u00e9grehajtani lehet\u0151s\u00e9g szerint k\u00e9t alkalommal a m\u00e1sodikat min\u00e9l k\u00f6zelebb a n\u00f6v\u00e9nyek r\u00fcgypattan\u00e1s\u00e1hoz!<\/p>\n<p style=\"text-align: justify;\">Sokan k\u00e9rdezik melyik a legjobb lemos\u00f3-szer, a v\u00e1lasz a k\u00e9rd\u00e9sre a kombin\u00e1lt, azaz rezet, k\u00e9nt \u00e9s rovar\u00f6l\u0151t tartalmaz\u00f3 v\u00e9d\u0151szer! Vegy\u00fck figyelembe, ha sok k\u00f6rt\u00e9nk van, hogy tavalyi \u00e9vben nagyon komoly <strong>k\u00f6rtelev\u00e9lbolha<\/strong> k\u00e1rt\u00e9tel volt ez\u00e9rt nagyon fontos lecitines-n\u00f6v\u00e9nyi olaj k\u00e9sz\u00edtm\u00e9nyt is haszn\u00e1lnunk! R\u00e9ztartalm\u00fa lemos\u00f3 permetez\u00e9sn\u00e9l figyelj\u00fcnk oda az \u0151szibarackf\u00e1k eset\u00e9ben mivel r\u00e9z \u00e9rz\u00e9kenyek, ez\u00e9rt piros bimb\u00f3s \u00e1llapot ut\u00e1n m\u00e1r ne haszn\u00e1ljunk r\u00e9z-k\u00e9sz\u00edtm\u00e9nyeket! Am\u00edg a gy\u00fcm\u00f6lcsf\u00e1kn\u00e1l j\u00f3l tudjuk milyen fontos a lemos\u00e1s addig a <strong>sz\u0151l\u0151ben<\/strong> hajlamosak vagyunk kihagyni ezt a munk\u00e1latot, pedig az elm\u00falt \u00e9vek gomba \u00e9s rovark\u00e1rt\u00e9tele miatt mindenk\u00e9ppen \u00e9rdemes \u00e9s kell kora tavaszi lemos\u00f3-permetez\u00e9st csin\u00e1lnunk! N\u00e9zz\u00fck mi\u00e9rt is kell a sz\u0151l\u0151sorokat, t\u0151k\u00e9ket lepermetezn\u00fcnk: a vessz\u0151k\u00f6n a lisztharmat, vessz\u0151golyva, esca (kordonkar elhal\u00e1s) k\u00f3rokoz\u00f3i, a r\u00fcgyekben, reped\u00e9sekben \u00e9s a f\u00e1sr\u00e9szeken az atkak\u00e1rtev\u0151k \u00e9s pajzstetvek teleltek \u00e1t v\u00e1rva a melegebb id\u0151j\u00e1r\u00e1st. A lemos\u00f3 kezel\u00e9st viszonylag t\u00f6m\u00e9ny oldattal kell v\u00e9gezni, \u00fcgyelve, hogy a\u00a0permetl\u00e9 az eg\u00e9sz n\u00f6v\u00e9ny fel\u00fclet\u00e9t j\u00f3 alaposan bebor\u00edtsa, megfolyjon azon. \u00cdgy a k\u00e9regreped\u00e9sekben, a r\u00fcgyek k\u00f6rny\u00e9k\u00e9n megb\u00fav\u00f3 pajzstetvek, lev\u00e9ltetvek, atk\u00e1k, k\u00f6rtelev\u00e9lbolh\u00e1k, v\u00e9rtetvek \u00e1ttelel\u0151 k\u00e9pleteihez is el\u00e9rnek, v\u00e9kony filmszer\u0171 bevonatot k\u00e9peznek rajtuk \u00e9s \u00edgy befojtj\u00e1k azokat.\u00a0\u00f6sszefoglal\u00e1sul, az \u00f6kol\u00f3giai gy\u00fcm\u00f6lcs \u00e9s sz\u0151l\u0151termeszt\u00e9sben kiemelked\u0151 jelent\u0151s\u00e9g\u0171 \u00e9s az eg\u00e9sz teny\u00e9szid\u0151szakra kiterjed\u0151 hat\u00e1s\u00fa v\u00e9dekez\u00e9si elj\u00e1r\u00e1s a t\u00e9l v\u00e9gi-kora tavaszi permetez\u00e9s az \u00e1ttelelt k\u00e1rtev\u0151k \u00e9s k\u00f3rokoz\u00f3k ellen.<\/p>\n<p style=\"text-align: justify;\"><strong>Magvet\u00e9s, pal\u00e1ntanevel\u00e9s:<\/strong> M\u00e1rciusban itt az ideje a paradicsom, paprika stb. magok elvet\u00e9s\u00e9nek majd a pal\u00e1ntanevel\u00e9s\u00e9nek. Aki saj\u00e1t mag\u00e1nak nevel pal\u00e1nt\u00e1t \u00e9s a szabadf\u00f6ldbe nem f\u00f3li\u00e1ba akarja ki\u00fcltetni majd \u0151ket az, nincs, elk\u00e9sve mivel a tapasztalatok azt mutatj\u00e1k, hogy m\u00e1jus k\u00f6zep\u00e9t\u0151l hamarabb nem nagyon lehet majd ki\u00fcltetni \u00fagysem a pal\u00e1nt\u00e1kat.\u00a0 A magok csir\u00e1z\u00e1s\u00e1hoz meleget (20-22 C fok) \u00e9s nedvess\u00e9get kell biztos\u00edtanunk, a pal\u00e1nt\u00e1k nevel\u00e9s\u00e9hez el\u00e9g f\u00e9nyt \u00e9s megfelel\u0151 h\u0151m\u00e9rs\u00e9kletet. Ha kev\u00e9s a f\u00e9ny a pal\u00e1nt\u00e1k megny\u00falnak, kid\u0151lnek, \u00e9s kev\u00e9sb\u00e9 lesznek ellen\u00e1ll\u00f3ak a ki\u00fcltet\u00e9s ut\u00e1n!<\/p>\n<p style=\"text-align: justify;\">Pal\u00e1nt\u00e1ink lombleveleinek megjelen\u00e9se ut\u00e1n fontos hogy ne csak vizel, \u00f6nt\u00f6zz\u00fck \u0151ket, hanem megfelel\u0151 pal\u00e1ntanevel\u0151 t\u00e1poldatot is haszn\u00e1ljunk 7-14 naponta! Az optim\u00e1lis t\u00e1panyagoknak k\u00f6sz\u00f6nhet\u0151en pal\u00e1nt\u00e1ink er\u0151s gy\u00f6k\u00e9rzetet fejlesztenek, ellen\u00e1ll\u00f3bak lesznek a betegs\u00e9gekkel szemben \u00e9s hamarabb fordulnak majd term\u0151re, r\u00e1ad\u00e1sul az id\u0151j\u00e1r\u00e1s viszontags\u00e1gait is jobban fogj\u00e1k b\u00edrni. A pal\u00e1ntanevel\u0151 l\u00e1d\u00e1b\u00f3l id\u0151ben t\u0171zdelj\u00fck ki \u0151ket hogy elegend\u0151 hely\u00fck \u00e9s f\u00f6ldj\u00fck legyen a fejl\u0151d\u00e9shez, mivel a t\u00fal s\u0171r\u0171n l\u00e9v\u0151 n\u00f6v\u00e9nyek megny\u00falnak, legyeng\u00fclnek! Fontos hogy kis pal\u00e1nt\u00e1inkat megv\u00e9dj\u00fck a pal\u00e1ntad\u0151l\u00e9s ellen ez\u00e9rt a n\u00f6v\u00e9nyk\u00e9ket \u00e9s f\u00f6ldj\u00fcket is permetezz\u00fck be <strong>mankoceb<\/strong> tartalm\u00fa gomba \u00f6l\u0151szerrel!<\/p>\n<p style=\"text-align: justify;\">Nagyon fontos a j\u00f3 \u00fcltet\u0151k\u00f6zeg, ami megb\u00edzhat\u00f3 pal\u00e1ntaf\u00f6ld legyen j\u00f3 pH-\u00e9rt\u00e9kkel, szerves tr\u00e1gy\u00e1val \u00e9s t\u00e1ps\u00f3kkal legyen kombin\u00e1lva! A megb\u00edzhat\u00f3s\u00e1g az\u00e9rt fontos, mert tavalyi \u00e9vben nagyon sokan \u00fagy j\u00e1rtak az olcs\u00f3 (ami a v\u00e9g\u00e9n nagyon dr\u00e1ga lett) pal\u00e1ntaf\u00f6ldel hogy pal\u00e1nt\u00e1juk a ki\u00fcltet\u00e9s el\u0151tt visszafejl\u0151d\u00f6tt, meg\u00f6regedett lil\u00e1s-fekete sz\u00edn\u0171 lett majd elpusztult!<\/p>\n<p style=\"text-align: justify;\">A kedves olvas\u00f3k most gondolhatj\u00e1k, hogy \u00fczletet akarok csin\u00e1lni magunknak, de az az igazs\u00e1g \u00e9s a tapasztalat, \u00fagy mint a vet\u0151magokn\u00e1l is m\u00e1r sokszor hangs\u00falyoztuk hogy ami olcs\u00f3 az val\u00f3sz\u00edn\u0171leg okoz majd fejt\u00f6r\u00e9st a kert\u00e9szked\u0151knek csir\u00e1z\u00e1si k\u00e9pess\u00e9gben, min\u0151s\u00e9gben \u00e9s term\u00e9shozamban is! Teh\u00e1t \u00e9rdemes a gazdaboltokat felkeresni ahol megfelel\u0151 szakmai felvil\u00e1gos\u00edt\u00e1st \u00e9s j\u00f3 min\u0151s\u00e9g\u0171 term\u00e9keket v\u00e1s\u00e1rolhatunk!<\/p>\n<p style=\"text-align: justify;\"><strong>Kora tavaszi t\u00e1panyagp\u00f3tl\u00e1s gy\u00fcm\u00f6lcs\u00f6s\u00f6kben \u00e9s a z\u00f6lds\u00e9geskertekben.<\/strong> Mivel a tavaszi talaj el\u0151k\u00e9sz\u00edt\u00e9st ezekben a napokban, hetekben v\u00e9gezz\u00fck el (a felsz\u00e1ntott, \u00e1sott talajt \u00e1trot\u00e1ljuk, gerebly\u00e9zz\u00fck) k\u00f6nnyen be tudjuk juttatni a szerves \u00e9s m\u0171tr\u00e1gy\u00e1t a talajfelsz\u00edn al\u00e1 ez \u00e1ltal. <strong>A gy\u00fcm\u00f6lcs\u00f6s\u00f6k \u00e9s bogy\u00f3sok<\/strong> \u00e9vel\u0151 kult\u00far\u00e1k, gyakran \u00e9vtizedekig meg\u0151rzik term\u0151k\u00e9pess\u00e9g\u00fcket. Ez\u00e9rt t\u00e1panyag ell\u00e1t\u00e1sukat folyamatosan biztos\u00edtani kell! A rendszeres harmonikus t\u00e1panyag ell\u00e1t\u00e1s az alapja az \u00e9vr\u0151l-\u00e9ve elfogadhat\u00f3 mennyis\u00e9g\u0171 \u00e9s min\u0151s\u00e9g\u0171 term\u00e9s\u00fcnknek is.<\/p>\n<p style=\"text-align: justify;\"><strong>K<\/strong>ora tavasszal<strong> v\u00e9gezz\u00fck el az<\/strong> alaptr\u00e1gy\u00e1z\u00e1st<strong>,<\/strong> a szakkeresked\u00e9sekben is kaphat\u00f3 szerves tr\u00e1gy\u00e1val \u00e9s a tavasszal is j\u00f3l old\u00f3d\u00f3 komplex m\u0171tr\u00e1gy\u00e1k haszn\u00e1lat\u00e1val. A tr\u00e1gy\u00e1z\u00e1s biztos\u00edtja az esetleges fagyk\u00e1rok miatti terhel\u00e9s cs\u00f6kkent\u00e9s\u00e9t is. A t\u00e1panyagot a f\u00e1k \u00e9s bokrok \u00fagymond koronacsurg\u00f3ja al\u00e1 kell bejuttatni mindenk\u00e9ppen be\u00e1s\u00e1ssal, begerebly\u00e9z\u00e9ssel hogy gyorsabban \u00e9s jobban hasznosuljon!<\/p>\n<p style=\"text-align: justify;\"><strong>Vetem\u00e9nyeskert\u00fcnkben<\/strong> is nagyon fontos a kora tavaszi t\u00e1panyagp\u00f3tl\u00e1s az\u00e9rt, hogy a z\u00f6lds\u00e9gek megfelel\u0151 term\u00e9shozammal aj\u00e1nd\u00e9kozzanak meg minket, j\u00f3 esetben az \u0151sz k\u00f6zep\u00e9ig is. Ezek a n\u00f6v\u00e9nyek a folyamatos term\u00e9s kinevel\u00e9s\u00e9hez nagyon sok t\u00e1panyagot kivesznek a talajb\u00f3l, \u00edgy ha nem p\u00f3toljuk sz\u00e1mukra a sok \u00e9rt\u00e9kes \u00e9s hasznos t\u00e1panyagot, elmarad a term\u00e9s, s\u0151t a ny\u00e1r v\u00e9g\u00e9re n\u00f6v\u00e9nyeink is t\u00f6nkre mehetnek, mivel kert\u00fcnk kifogy az \u00e9ltet\u0151 t\u00e1panyagokb\u00f3l.<\/p>\n<p style=\"text-align: justify;\">T\u00e1panyag p\u00f3tl\u00e1s\u00e1ra a saj\u00e1t k\u00e9sz\u00edt\u00e9s\u0171 komposzt is ide\u00e1lis lehet.<\/p>\n<p style=\"text-align: justify;\">V\u00e9gezet\u00fcl eml\u00edts\u00fck meg a komplex tavaszi kerti m\u0171tr\u00e1gy\u00e1kat is, amit szint\u00e9n \u00e9rdemes ilyenkor kijuttatni mivel j\u00f3l old\u00f3d\u00f3 nitrog\u00e9n, foszfor, k\u00e1lium, mikroelem tartalmuk miatt nagyban el\u0151seg\u00edtik majd z\u00f6lds\u00e9gn\u00f6v\u00e9nyeink optim\u00e1lis fejl\u0151d\u00e9s\u00e9t, vir\u00e1gk\u00f6t\u00f6d\u00e9s\u00e9t \u00e9s term\u00e9shozam\u00e1t! Itt is bekel dolgozni a talajba.<\/p>\n<p style=\"text-align: justify;\"><strong>Figyelem:<\/strong> szerves tr\u00e1gy\u00e1n\u00e1l, ha nem \u201eboltit\u201d vesz\u00fcnk, figyelj\u00fcnk arra hogy <strong>szarvasmarha <\/strong>esetleg<strong> baromfi <\/strong>tr\u00e1gy\u00e1t dolgozzunk be a talajba \u00e9s ne <strong>l\u00f3tr\u00e1gy\u00e1t<\/strong>, mivel a l\u00f3tr\u00e1gy\u00e1zott talajban a l\u00f3t\u00fccs\u00f6k, vagyis a l\u00f3tet\u0171 nagyon hamar kiteny\u00e9szik \u00e9s el\u0151szeretettel eszi meg a n\u00f6v\u00e9nyek gy\u00f6ker\u00e9t, sz\u00e1r\u00e1t majd. A vakond nagyon hat\u00e9konyan tizedeli ezt a t\u00edpus\u00fa k\u00e1rtev\u0151t, \u00e1m a vakond is tud gondot okozni, mikor munk\u00e1lkod\u00e1s\u00e1val kit\u00farja a pal\u00e1nt\u00e1kat, a magokat vagy \u00e9ppen \u0151 is beler\u00e1g n\u00f6v\u00e9nyeinkbe, b\u00e1r ut\u00f3bbi nagyon ritk\u00e1n fordul el\u0151.\u00a0Legjobb, ha semmik\u00e9ppen nem v\u00e1s\u00e1rolunk olyan tr\u00e1gy\u00e1t, mely l\u00f3t\u00f3l sz\u00e1rmazik!<\/p>\n<p style=\"text-align: justify;\">\u00d6sszefoglalva: <strong>A term\u0151 \u00fcltetv\u00e9nyek hat\u00e9kony t\u00e1panyag ell\u00e1t\u00e1sa \u00e9rdek\u00e9ben minden \u00e9vben alkalmazni kell a m\u0171tr\u00e1gya kijuttat\u00e1s valamennyi m\u00f3dj\u00e1t \u00fagy az alap, fej, \u00e9s a rendszeres lombtr\u00e1gy\u00e1z\u00e1st de mindenk\u00e9ppen konzult\u00e1ljunk szakemberrel mivel a m\u0171tr\u00e1gya bizonyos mennyis\u00e9g ut\u00e1n m\u00e1r ink\u00e1bb m\u00e9reg mint t\u00e1panyag! <\/strong><\/p>\n<p style=\"text-align: justify;\"><strong>D\u00edszkert\u00fcnkben<\/strong> is megkezdhetj\u00fck a kora tavaszi teend\u0151inket. K\u00f6zkedvelt n\u00f6v\u00e9ny\u00fcnk a Buxus avagy a puszp\u00e1ng, viszont az ut\u00f3bbi p\u00e1r \u00e9vben mindenki megtapasztalhatta, ha nem figyel\u00fcnk, oda n\u00f6v\u00e9ny\u00fcnkre el fog pusztulni mivel sz\u00e1mos k\u00e1rtev\u0151 t\u00e1madhatja meg! A v\u00e9dekez\u00e9st id\u0151ben \u00e9s megfelel\u0151en kell elkezdeni, el\u0151sz\u00f6r is kora tavaszi mechanikai metsz\u00e9ssel el\u00e9rhetj\u00fck azt, hogy az \u00e1ttelel\u0151 nemzed\u00e9kek egyedsz\u00e1m\u00e1t l\u00e9nyegesen cs\u00f6kkentj\u00fck! A k\u00e1rtev\u0151k m\u00e1rcius v\u00e9g\u00e9n ha m\u00e1r tart\u00f3san 10 C fok k\u00f6r\u00fcli a h\u0151m\u00e9rs\u00e9klet elkezdenek aktiviz\u00e1l\u00f3dni ez\u00e9rt mindenk\u00e9ppen kezdj\u00fck meg a rendszeres permetez\u00e9seket rovar\u00f6l\u0151 szerekkel! Mivel a buxus levele viaszos haszn\u00e1ljunk tapad\u00e1sfokoz\u00f3t! A k\u00e9miai v\u00e9dekez\u00e9s sor\u00e1n kontakt \u00e9s felsz\u00edv\u00f3d\u00f3 szereket kombin\u00e1ljunk!Kora tavasszal a hajt\u00e1sn\u00f6veked\u00e9s befejez\u00e9s\u00e9ig haszn\u00e1ljunk r\u00e9ztartalm\u00fa szereket is amivel megel\u0151zhetj\u00fck a gomb\u00e1sbetegs\u00e9gek kialakul\u00e1s\u00e1t. A m\u00e1r fert\u0151z\u00f6tt \u00e1gakat, vessz\u0151ket aj\u00e1nlatos elt\u00e1vol\u00edtani \u00e9s megs\u00e9mis\u00edteni!<\/p>\n<p style=\"text-align: justify;\">M\u00e1rciusban kezd\u0151dik a legt\u00f6bb \u00e9vel\u0151n\u00f6v\u00e9ny \u00e9s bokor \u00fcltet\u00e9si ideje, ez\u00e9rt ha a talaj megfelel\u0151 el\u0151k\u00e9sz\u00edthetj\u00fck az \u00fcltet\u0151g\u00f6dr\u00f6ket. Tiszt\u00edtsuk meg a gyepet a lomb- \u00e9s egy\u00e9b t\u00e9li \u201emaradv\u00e1nyokt\u00f3l&#8221;. K\u00fcl\u00f6nben a f\u0171 rothad\u00e1snak indulhat. Vigy\u00e1zzunk, ha m\u00e9g nagyon nedves \u00e9s m\u00e9ly a p\u00e1zsit talaj-szerkezete, akkor ne tapossuk \u00f6ssze, mert nagyobb k\u00e1rt tehet\u00fcnk, mint ha m\u00e9g p\u00e1r napig a gyepen hagyjuk a leveleket! P\u00e1zsitunkn\u00e1l a gyepszell\u0151ztet\u00e9ssel m\u00e9g v\u00e1rjunk mivel a gy\u00f6kerek m\u00e9g nem kell\u0151en er\u0151s\u00f6dtek meg ez\u00e9rt kit\u00e9phetj\u00fck a f\u00fcv\u00fcnket! Sz\u00fcks\u00e9g eset\u00e9n juttassunk ki moha\u00f6l\u0151szert (pl. vasg\u00e1lic). \u00d6r\u00f6kz\u00f6ld s\u00f6v\u00e9nyeinket m\u00e1rcius v\u00e9g\u00e9ig \u00e9rdemes visszany\u00edrni, mert akkor er\u0151sebb hajt\u00e1sokat hoznak. A d\u00edszkert is megh\u00e1l\u00e1lja a t\u00e1panyagp\u00f3tl\u00e1st, tr\u00e1gy\u00e1z\u00e1st ez\u00e9rt komplex! m\u0171tr\u00e1gy\u00e1t, komposzt\u00e1lt szerves tr\u00e1gy\u00e1t is juttassunk ki a n\u00f6v\u00e9nyeink mell\u00e9. Ha az id\u0151j\u00e1r\u00e1s kedvez, elt\u00e1vol\u00edthatjuk a r\u00f3zs\u00e1k takar\u00e1s\u00e1t \u00e9s megkezdhetj\u00fck metsz\u00e9s\u00fcket a sz\u00e1raz elhalt, \u00e1gak gallyak elt\u00e1vol\u00edt\u00e1s\u00e1val.<\/p>\n<p style=\"text-align: justify;\">A tear\u00f3zs\u00e1kn\u00e1l az er\u0151sebb vessz\u0151ket 6-8 r\u00fcgyre, a v\u00e9konyabbakat 2-3 r\u00fcgyre kell visszav\u00e1gni.\u00a0 Vigy\u00e1zzunk arra, hogy a legfels\u0151 r\u00fcgy mindig kifel\u00e9 n\u00e9zzen, hogy az \u00faj hajt\u00e1sok akad\u00e1lytalanul n\u0151hessenek. A fut\u00f3r\u00f3zs\u00e1kat, a r\u00f3zsalugasokat is szabad\u00edtsuk meg a sz\u00e1raz, el\u00f6regedett \u00e1gakt\u00f3l. Az \u0151szi vir\u00e1ghagym\u00e1k enyh\u00e9bb id\u0151j\u00e1r\u00e1sn\u00e1l kor\u00e1bban kihajtanak \u00e9s megjelennek az els\u0151 kr\u00f3kuszok, n\u00e1rciszok, tulip\u00e1nok. A sz\u00e1razabb helyen l\u00e9v\u0151ket rendszeresen locsoljuk. A tavaszi hagym\u00e1s n\u00f6v\u00e9nyeket pl. liliomf\u00e9l\u00e9ket, k\u00e1nna, d\u00e1lia, kardvir\u00e1g vil\u00e1gos helyen el\u0151hajtathatjuk, majd m\u00e1rcius h\u00f3napt\u00f3l el\u00fcltethetj\u00fck.<\/p>\n<p style=\"text-align: justify;\">Vetem\u00e9nyes kert\u00fcnkbe m\u00e1rcius m\u00e1sodik fel\u00e9t\u0151l a hidegt\u0171r\u0151 n\u00f6v\u00e9nyek magj\u00e1t \u2013 ilyen p\u00e9ld\u00e1ul a sal\u00e1ta, h\u00f3napos retek, petrezselyem, s\u00e1rgar\u00e9pa, dughagyma, korai bors\u00f3 (pl. Rajnai T\u00f6rpe) \u2013 m\u00e1r el lehet vetni. Ehhez persze az kell, hogy m\u00e1r r\u00e1 lehessen menni a f\u00f6ldre, az ne legyen t\u00fal s\u00e1ros. A t\u00f6bbi n\u00f6v\u00e9nnyel m\u00e9g v\u00e1rni kell, mert el\u00e9g hideg m\u00e9g a talaj. A legt\u00f6bb bors\u00f3 fajt\u00e1t csak akkor \u00e9rdemes \u00fcltetni, ha a talaj h\u0151m\u00e9rs\u00e9klete tart\u00f3san <strong>6-8 fok k\u00f6r\u00fcl van m\u00e1r! <\/strong><\/p>\n<p style=\"text-align: justify;\">Hideg\u00e1gyba \u00e9s f\u00f3lias\u00e1torba \u00fcltetve-vetve ezek a n\u00f6v\u00e9nyek hamarabb fognak fejl\u0151dni ez \u00e1ltal korai prim\u0151r z\u00f6lds\u00e9geket termeszthet\u00fcnk, r\u00e1ad\u00e1sul itt is nevelhet\u00fcnk pal\u00e1nt\u00e1kat. A f\u00f3lias\u00e1tor al\u00e1 b\u00e1tran el lehet szurk\u00e1lni a v\u00f6r\u00f6s \u00e9s lila dughagym\u00e1t is, \u00edgy egy tavasz k\u00f6zepi ny\u00e1rsal\u00e1sn\u00e1l m\u00e1r a saj\u00e1t termeszt\u00e9s\u0171 z\u00f6ldhagym\u00e1nkat ehetj\u00fck. A hideg\u00e1gy \u00e9s f\u0171tetlen f\u00f3lias\u00e1tor el\u0151nye az, hogy enyh\u00e9bb fagyok sem tesznek k\u00e1rt a fejl\u0151d\u0151 n\u00f6v\u00e9nyekben.<\/p>\n<p style=\"text-align: justify;\"><strong>Tipp: <\/strong>\u00c9get\u00e9s, vagy komposzt\u00e1l\u00e1s?<\/p>\n<p style=\"text-align: justify;\">M\u00e1rciusban m\u00e1r a csal\u00e1di h\u00e1zas \u00f6vezetekben sok helyen l\u00e1tni hatalmas f\u00fcstfelh\u0151ket. T\u00f6bben ugyanis m\u00e9g mindig azt gondolj\u00e1k, hogy a lemetszett gallyakat, sz\u00e1raz \u00e1gakat, \u00f6sszegy\u0171jt\u00f6tt leveleket, n\u00f6v\u00e9nyi maradv\u00e1nyokat legjobb el\u00e9getni. Igen \u00e1m, de ne feledj\u00fck: csak akkor \u00e9s ott szabad \u00e9getni, ahol ezt a helyi \u00f6nkorm\u00e1nyzati rendelet megengedi. Enn\u00e9l sokkal jobb megold\u00e1s is l\u00e9tezik, hiszen az \u00e9get\u00e9s sor\u00e1n keletkezett hamu csak korl\u00e1tozott m\u00e9rt\u00e9kben alkalmas talajjav\u00edt\u00e1sra r\u00e1ad\u00e1sul k\u00f6rnyezet\u00fcnket is szennyezz\u00fck! Praktikusabb, ha a nyesed\u00e9ket, maradv\u00e1nyokat komposzt\u00e1ljuk. Aki nem akar anyagi \u00e1ldozatot hozni komposztl\u00e1d\u00e1ra az a kert v\u00e9g\u00e9be lehet\u0151s\u00e9ge szerint egy nagy g\u00f6dr\u00f6t \u00e1shat, \u00e9s abba elhelyezheti a lev\u00e1gott \u00e1gakat, kerti hullad\u00e9kokat.<\/p>\n<p>Nagy Szabolcs<\/p>\n<p>Kert\u00fcnk Boltja<\/p>\n<p>EGER, Hatvani kapu t\u00e9r 1.<\/p>\n<p><a href=\"Tel:36-411-512\">Tel:36-411-512<\/a><\/p>\n<p>&nbsp;<\/p>\n<p>Forr\u00e1s: <a href=\"https:\/\/www.heol.hu\/\">HEOL<\/a><\/p>\n","protected":false},"excerpt":{"rendered":"<p>M\u00e1rcius a tavasz els\u0151 h\u00f3napja, ami a kert\u00e9szked\u0151k, kiskert tulajdonosok sz\u00e1m\u00e1ra a tavaszi munk\u00e1latok megkezd\u00e9s\u00e9t jelenti. Mivel egyre t\u00f6bbsz\u00f6r csal\u00f3dunk a m\u00e1rciusi-\u00e1prilisi id\u0151j\u00e1r\u00e1sban ez\u00e9rt mindenkit t\u00fcrelemre intek, \u00e9s arra biztatok, hogy mindent a maga idej\u00e9ben kezdjen csak el \u00e9s az id\u0151j\u00e1r\u00e1si el\u0151rejelz\u00e9sek figyelembev\u00e9tel\u00e9vel kezdjen neki a kerti munk\u00e1latoknak!<br \/>\nMi\u00e9rt is legy\u00fcnk k\u00f6r\u00fcltekint\u0151ek: Mivel a gy\u00fcm\u00f6lcsf\u00e1k, bogy\u00f3sok, [&#8230;]<\/p>\n","protected":false},"author":4,"featured_media":0,"comment_status":"open","ping_status":"closed","sticky":false,"template":"","format":"standard","meta":{"footnotes":""},"categories":[6,450,4],"tags":[2032,3030,3029,1291,988],"class_list":["post-18885","post","type-post","status-publish","format-standard","hentry","category-belfold","category-gazdasag-2","category-szabadido","tag-kert","tag-kertmuveles","tag-metszes","tag-permetezes","tag-tavasz"],"_links":{"self":[{"href":"https:\/\/www.agriatv.hu\/index.php?rest_route=\/wp\/v2\/posts\/18885","targetHints":{"allow":["GET"]}}],"collection":[{"href":"https:\/\/www.agriatv.hu\/index.php?rest_route=\/wp\/v2\/posts"}],"about":[{"href":"https:\/\/www.agriatv.hu\/index.php?rest_route=\/wp\/v2\/types\/post"}],"author":[{"embeddable":true,"href":"https:\/\/www.agriatv.hu\/index.php?rest_route=\/wp\/v2\/users\/4"}],"replies":[{"embeddable":true,"href":"https:\/\/www.agriatv.hu\/index.php?rest_route=%2Fwp%2Fv2%2Fcomments&post=18885"}],"version-history":[{"count":4,"href":"https:\/\/www.agriatv.hu\/index.php?rest_route=\/wp\/v2\/posts\/18885\/revisions"}],"predecessor-version":[{"id":18891,"href":"https:\/\/www.agriatv.hu\/index.php?rest_route=\/wp\/v2\/posts\/18885\/revisions\/18891"}],"wp:attachment":[{"href":"https:\/\/www.agriatv.hu\/index.php?rest_route=%2Fwp%2Fv2%2Fmedia&parent=18885"}],"wp:term":[{"taxonomy":"category","embeddable":true,"href":"https:\/\/www.agriatv.hu\/index.php?rest_route=%2Fwp%2Fv2%2Fcategories&post=18885"},{"taxonomy":"post_tag","embeddable":true,"href":"https:\/\/www.agriatv.hu\/index.php?rest_route=%2Fwp%2Fv2%2Ftags&post=18885"}],"curies":[{"name":"wp","href":"https:\/\/api.w.org\/{rel}","templated":true}]}}