{"id":18893,"date":"2018-03-29T17:09:28","date_gmt":"2018-03-29T17:09:28","guid":{"rendered":"http:\/\/www.agriatv.hu\/?p=18893"},"modified":"2018-03-29T17:09:28","modified_gmt":"2018-03-29T17:09:28","slug":"nyalkas-ut-balesetek-a-25-os-fouton-video","status":"publish","type":"post","link":"https:\/\/www.agriatv.hu\/?p=18893","title":{"rendered":"Ny\u00e1lk\u00e1s \u00fat: balesetek a 25-\u00f6s f\u0151\u00faton &#8211; vide\u00f3"},"content":{"rendered":"<p style=\"text-align: justify;\"><a href=\"https:\/\/www.agriatv.hu\/wp-content\/uploads\/2018\/03\/f-9.jpg\"><img loading=\"lazy\" decoding=\"async\" class=\"alignleft  wp-image-18894\" src=\"https:\/\/www.agriatv.hu\/wp-content\/uploads\/2018\/03\/f-9-300x169.jpg\" alt=\"\" width=\"211\" height=\"119\" srcset=\"https:\/\/www.agriatv.hu\/wp-content\/uploads\/2018\/03\/f-9-300x169.jpg 300w, https:\/\/www.agriatv.hu\/wp-content\/uploads\/2018\/03\/f-9-768x432.jpg 768w, https:\/\/www.agriatv.hu\/wp-content\/uploads\/2018\/03\/f-9-1024x576.jpg 1024w, https:\/\/www.agriatv.hu\/wp-content\/uploads\/2018\/03\/f-9.jpg 1920w\" sizes=\"auto, (max-width: 211px) 100vw, 211px\" \/><\/a>T\u00f6bb baleset is t\u00f6rt\u00e9nt cs\u00fct\u00f6rt\u00f6k d\u00e9lut\u00e1n a 25-\u00f6s f\u0151\u00fat Kerecsen \u00e9s Eger k\u00f6z\u00f6tti szakasz\u00e1n.<\/p>\n<p style=\"text-align: justify;\">Bejelent\u00e9s \u00e9rkezett cs\u00fct\u00f6rt\u00f6k\u00f6n 17 \u00f3ra ut\u00e1n nem sokkal a Heves Megyei Rend\u0151r-f\u0151kapit\u00e1nys\u00e1gra, miszerint baleset t\u00f6rt\u00e9nt a 25-\u00f6s f\u0151\u00faton, Kerecsend k\u00f6zel\u00e9ben.<\/p>\n<p style=\"text-align: justify;\">\u00dagy tudjuk, egy Citroen t\u00edpus\u00fa szem\u00e9lyg\u00e9pkocsi Egerb\u0151l Kerecsend fel\u00e9 haladva megcs\u00faszott a ny\u00e1lk\u00e1s \u00faton, kid\u00f6nt\u00f6tt t\u00f6bb f\u00e1t, majd felborult. \u00dagy tudjuk, a kocsiban ketten utaztak, egy ember orvosi ell\u00e1t\u00e1st ig\u00e9nyl\u0151 s\u00e9r\u00fcl\u00e9seket szenvedett, \u0151 is szerencs\u00e9re karcol\u00e1sokkal meg\u00faszta a balesetet.<\/p>\n<p style=\"text-align: justify;\">A g\u00e9pkocsin 10 \u00e9ves t\u00e9li gumi volt.<\/p>\n<p>A helysz\u00ednel\u00e9s ideje alatt f\u00e9lp\u00e1ly\u00e1s lez\u00e1r\u00e1s volt \u00e9rv\u00e9nyben.<\/p>\n<p>Ebben az id\u0151ben t\u00f6bb \u00e1rokba cs\u00faszott j\u00e1rm\u0171r\u0151l is \u00e9rkezett bejelent\u00e9s.\n<div class=\"youtube-embed ye-container\" itemprop=\"video\" itemscope itemtype=\"https:\/\/schema.org\/VideoObject\">\n\t<meta itemprop=\"url\" content=\"https:\/\/www.youtube.com\/v\/rI1TMX2b7z8\" \/>\n\t<meta itemprop=\"name\" content=\"Ny\u00e1lk\u00e1s \u00fat: balesetek a 25-\u00f6s f\u0151\u00faton &#8211; vide\u00f3\" \/>\n\t<meta itemprop=\"description\" content=\"Ny\u00e1lk\u00e1s \u00fat: balesetek a 25-\u00f6s f\u0151\u00faton &#8211; vide\u00f3\" \/>\n\t<meta itemprop=\"uploadDate\" content=\"2018-03-29T17:09:28+00:00\" \/>\n\t<meta itemprop=\"thumbnailUrl\" content=\"https:\/\/i.ytimg.com\/vi\/rI1TMX2b7z8\/default.jpg\" \/>\n\t<meta itemprop=\"embedUrl\" content=\"https:\/\/www.youtube.com\/embed\/rI1TMX2b7z8\" \/>\n\t<meta itemprop=\"height\" content=\"1080\" \/>\n\t<meta itemprop=\"width\" content=\"1920\" \/>\n\t<iframe loading=\"lazy\" style=\"border: 0;\" class=\"youtube-player\" width=\"1920\" height=\"1080\" src=\"https:\/\/www.youtube.com\/embed\/rI1TMX2b7z8?modestbranding=1&fs=0&rel=0\"><\/iframe>\n<\/div>\n<\/p>\n","protected":false},"excerpt":{"rendered":"<p>T\u00f6bb baleset is t\u00f6rt\u00e9nt cs\u00fct\u00f6rt\u00f6k d\u00e9lut\u00e1n a 25-\u00f6s f\u0151\u00fat Kerecsen \u00e9s Eger k\u00f6z\u00f6tti szakasz\u00e1n.<br \/>\nBejelent\u00e9s \u00e9rkezett cs\u00fct\u00f6rt\u00f6k\u00f6n 17 \u00f3ra ut\u00e1n nem sokkal a Heves Megyei Rend\u0151r-f\u0151kapit\u00e1nys\u00e1gra, miszerint baleset t\u00f6rt\u00e9nt a 25-\u00f6s f\u0151\u00faton, Kerecsend k\u00f6zel\u00e9ben.<br \/>\n\u00dagy tudjuk, egy Citroen t\u00edpus\u00fa szem\u00e9lyg\u00e9pkocsi Egerb\u0151l Kerecsend fel\u00e9 haladva megcs\u00faszott a ny\u00e1lk\u00e1s \u00faton, kid\u00f6nt\u00f6tt t\u00f6bb f\u00e1t, majd felborult. \u00dagy tudjuk, a kocsiban [&#8230;]<\/p>\n","protected":false},"author":4,"featured_media":0,"comment_status":"open","ping_status":"closed","sticky":false,"template":"","format":"standard","meta":{"footnotes":""},"categories":[5],"tags":[1935,41,59,122],"class_list":["post-18893","post","type-post","status-publish","format-standard","hentry","category-kek-hirek","tag-25-sz-fout","tag-baleset","tag-kerecsend","tag-rendorseg"],"_links":{"self":[{"href":"https:\/\/www.agriatv.hu\/index.php?rest_route=\/wp\/v2\/posts\/18893","targetHints":{"allow":["GET"]}}],"collection":[{"href":"https:\/\/www.agriatv.hu\/index.php?rest_route=\/wp\/v2\/posts"}],"about":[{"href":"https:\/\/www.agriatv.hu\/index.php?rest_route=\/wp\/v2\/types\/post"}],"author":[{"embeddable":true,"href":"https:\/\/www.agriatv.hu\/index.php?rest_route=\/wp\/v2\/users\/4"}],"replies":[{"embeddable":true,"href":"https:\/\/www.agriatv.hu\/index.php?rest_route=%2Fwp%2Fv2%2Fcomments&post=18893"}],"version-history":[{"count":1,"href":"https:\/\/www.agriatv.hu\/index.php?rest_route=\/wp\/v2\/posts\/18893\/revisions"}],"predecessor-version":[{"id":18895,"href":"https:\/\/www.agriatv.hu\/index.php?rest_route=\/wp\/v2\/posts\/18893\/revisions\/18895"}],"wp:attachment":[{"href":"https:\/\/www.agriatv.hu\/index.php?rest_route=%2Fwp%2Fv2%2Fmedia&parent=18893"}],"wp:term":[{"taxonomy":"category","embeddable":true,"href":"https:\/\/www.agriatv.hu\/index.php?rest_route=%2Fwp%2Fv2%2Fcategories&post=18893"},{"taxonomy":"post_tag","embeddable":true,"href":"https:\/\/www.agriatv.hu\/index.php?rest_route=%2Fwp%2Fv2%2Ftags&post=18893"}],"curies":[{"name":"wp","href":"https:\/\/api.w.org\/{rel}","templated":true}]}}