{"id":18896,"date":"2018-03-30T16:44:32","date_gmt":"2018-03-30T16:44:32","guid":{"rendered":"http:\/\/www.agriatv.hu\/?p=18896"},"modified":"2018-03-30T16:44:32","modified_gmt":"2018-03-30T16:44:32","slug":"felfele-gurulnak-a-kocsik-erdelyben","status":"publish","type":"post","link":"https:\/\/www.agriatv.hu\/?p=18896","title":{"rendered":"Felfel\u00e9 gurulnak a kocsik Erd\u00e9lyben"},"content":{"rendered":"<div id=\"cikktorzs_inner\" style=\"text-align: justify;\"><a href=\"https:\/\/www.agriatv.hu\/wp-content\/uploads\/2018\/03\/592552.325x183.jpg\"><img loading=\"lazy\" decoding=\"async\" class=\"alignleft  wp-image-18897\" src=\"https:\/\/www.agriatv.hu\/wp-content\/uploads\/2018\/03\/592552.325x183-300x169.jpg\" alt=\"\" width=\"208\" height=\"117\" srcset=\"https:\/\/www.agriatv.hu\/wp-content\/uploads\/2018\/03\/592552.325x183-300x169.jpg 300w, https:\/\/www.agriatv.hu\/wp-content\/uploads\/2018\/03\/592552.325x183.jpg 325w\" sizes=\"auto, (max-width: 208px) 100vw, 208px\" \/><\/a>Felfel\u00e9 gurul az aut\u00f3 \u00e9s folyik a v\u00edz egy erd\u00e9lyi \u00faton, ezt \u00e1ll\u00edtj\u00e1k rengetegen. Igazuk bizony\u00edt\u00e1s\u00e1ra t\u00f6bben vide\u00f3t is k\u00e9sz\u00edtettek ezekr\u0151l. Ez azonban fizikai lehetetlens\u00e9g a gravit\u00e1ci\u00f3 miatt. A most k\u00f6vetkez\u0151 riportunkb\u00f3l kider\u00fcl, mi\u00e9rt t\u0171nik \u00fagy, mintha felfel\u00e9 gurulna az aut\u00f3.<\/div>\n<p><iframe loading=\"lazy\" src=\"\/\/tenyek.hu\/neoplayer\/tv2\/embed\/258548_felfele-gurulnak-a-kocsik-erdelyben.html\" width=\"640\" height=\"360\" frameborder=\"0\" scrolling=\"no\" allowfullscreen=\"allowfullscreen\"><\/iframe><\/p>\n","protected":false},"excerpt":{"rendered":"<p>Felfel\u00e9 gurul az aut\u00f3 \u00e9s folyik a v\u00edz egy erd\u00e9lyi \u00faton, ezt \u00e1ll\u00edtj\u00e1k rengetegen. Igazuk bizony\u00edt\u00e1s\u00e1ra t\u00f6bben vide\u00f3t is k\u00e9sz\u00edtettek ezekr\u0151l. Ez azonban fizikai lehetetlens\u00e9g a gravit\u00e1ci\u00f3 miatt. A most k\u00f6vetkez\u0151 riportunkb\u00f3l kider\u00fcl, mi\u00e9rt t\u0171nik \u00fagy, mintha felfel\u00e9 gurulna az aut\u00f3.<\/p>\n","protected":false},"author":4,"featured_media":0,"comment_status":"open","ping_status":"closed","sticky":false,"template":"","format":"standard","meta":{"footnotes":""},"categories":[4],"tags":[3031],"class_list":["post-18896","post","type-post","status-publish","format-standard","hentry","category-szabadido","tag-gravitacio"],"_links":{"self":[{"href":"https:\/\/www.agriatv.hu\/index.php?rest_route=\/wp\/v2\/posts\/18896","targetHints":{"allow":["GET"]}}],"collection":[{"href":"https:\/\/www.agriatv.hu\/index.php?rest_route=\/wp\/v2\/posts"}],"about":[{"href":"https:\/\/www.agriatv.hu\/index.php?rest_route=\/wp\/v2\/types\/post"}],"author":[{"embeddable":true,"href":"https:\/\/www.agriatv.hu\/index.php?rest_route=\/wp\/v2\/users\/4"}],"replies":[{"embeddable":true,"href":"https:\/\/www.agriatv.hu\/index.php?rest_route=%2Fwp%2Fv2%2Fcomments&post=18896"}],"version-history":[{"count":1,"href":"https:\/\/www.agriatv.hu\/index.php?rest_route=\/wp\/v2\/posts\/18896\/revisions"}],"predecessor-version":[{"id":18898,"href":"https:\/\/www.agriatv.hu\/index.php?rest_route=\/wp\/v2\/posts\/18896\/revisions\/18898"}],"wp:attachment":[{"href":"https:\/\/www.agriatv.hu\/index.php?rest_route=%2Fwp%2Fv2%2Fmedia&parent=18896"}],"wp:term":[{"taxonomy":"category","embeddable":true,"href":"https:\/\/www.agriatv.hu\/index.php?rest_route=%2Fwp%2Fv2%2Fcategories&post=18896"},{"taxonomy":"post_tag","embeddable":true,"href":"https:\/\/www.agriatv.hu\/index.php?rest_route=%2Fwp%2Fv2%2Ftags&post=18896"}],"curies":[{"name":"wp","href":"https:\/\/api.w.org\/{rel}","templated":true}]}}