{"id":18929,"date":"2018-04-18T06:26:20","date_gmt":"2018-04-18T06:26:20","guid":{"rendered":"http:\/\/www.agriatv.hu\/?p=18929"},"modified":"2018-04-18T06:26:20","modified_gmt":"2018-04-18T06:26:20","slug":"iden-is-lesz-keklampas-nap-egerben","status":"publish","type":"post","link":"https:\/\/www.agriatv.hu\/?p=18929","title":{"rendered":"Id\u00e9n is lesz K\u00e9kl\u00e1mp\u00e1s Nap Egerben"},"content":{"rendered":"<p><a href=\"https:\/\/www.agriatv.hu\/wp-content\/uploads\/2018\/04\/keklampas0427.jpg\"><img loading=\"lazy\" decoding=\"async\" class=\"alignleft  wp-image-18930\" src=\"https:\/\/www.agriatv.hu\/wp-content\/uploads\/2018\/04\/keklampas0427.jpg\" alt=\"\" width=\"108\" height=\"153\" \/><\/a><\/p>\n<table border=\"0\" cellspacing=\"0\" cellpadding=\"0\">\n<tbody>\n<tr>\n<td style=\"text-align: justify;\"><b>A hagyom\u00e1nyokhoz h\u00edven id\u00e9n is megrendezik a rendv\u00e9delmi- \u00e9s t\u00e1rsszervek a K\u00e9kl\u00e1mp\u00e1s Napot Egerben. Az imm\u00e1ron tizenkettedik alkalommal szervezett rendezv\u00e9nyt az \u00c9rsekkertben \u00e9lvezhetik az odal\u00e1togat\u00f3k 2018. \u00e1prilis 27-\u00e9n.<\/b><\/td>\n<\/tr>\n<tr>\n<td>\n<p style=\"text-align: justify;\">Az \u00fcnnep\u00e9lyes megnyit\u00f3 f\u00e9l t\u00edzkor veszi majd kezdet\u00e9t, melynek r\u00e9szek\u00e9nt Ft. Dr. Csizmadia Istv\u00e1n p\u00e1pai prel\u00e1tus \u00far meg\u00e1ldja a HEROS-R\u00c1BA AQUADOUX-X 4000-es t\u00edpus\u00fa \u00faj t\u0171zolt\u00f3 g\u00e9pj\u00e1rm\u0171v\u00fcnket. Az \u00e1ld\u00e1st k\u00f6vet\u0151en a j\u00e1rm\u0171vet rendszerbe \u00e1ll\u00edtjuk, ezzel er\u0151s\u00edtve Eger v\u00e1ros \u00e9s 20 k\u00f6rnyez\u0151 telep\u00fcl\u00e9s ment\u0151 t\u0171zv\u00e9delm\u00e9t, k\u00f6zel sz\u00e1zezer ember biztons\u00e1g\u00e1t.<\/p>\n<p style=\"text-align: justify;\">Ezt k\u00f6vet\u0151en a rend\u0151rs\u00e9g rend\u0151rkuty\u00e1s, a katasztr\u00f3fav\u00e9delem t\u00e1lcat\u0171z- \u00e9s olajt\u0171zolt\u00e1si bemutat\u00f3t tart. A nap folyam\u00e1n a szakmai s\u00e1trakba l\u00e1togat\u00f3k bepillant\u00e1st nyerhetnek a rendv\u00e9delmi szervezetek munk\u00e1j\u00e1ba. Lesznek folyamatos programok is, mint p\u00e9ld\u00e1ul f\u00fcsts\u00e1tor, t\u0171zolt\u00f3locsol\u00f3 j\u00e1t\u00e9k, b\u0171n\u00fcgyi technikai- \u00e9s fegyver bemutat\u00f3, felszerel\u00e9seivel pedig bemutatkozik az Agria Speci\u00e1lis Ment\u0151 \u00e9s T\u0171zolt\u00f3 Csoport is. T\u00edz \u00f3r\u00e1t\u00f3l d\u00e9lut\u00e1n f\u00e9l h\u00e1romig v\u00e9rad\u00e1st szervez a V\u00f6r\u00f6skereszt az Excalibur K\u00f6z\u00e9pkori Lovagi \u00c9tteremben.<\/p>\n<p style=\"text-align: justify;\">Minden kedves \u00e9rdekl\u0151d\u0151t szeretettel v\u00e1runk!<\/p>\n<\/td>\n<\/tr>\n<\/tbody>\n<\/table>\n","protected":false},"excerpt":{"rendered":"<p>A hagyom\u00e1nyokhoz h\u00edven id\u00e9n is megrendezik a rendv\u00e9delmi- \u00e9s t\u00e1rsszervek a K\u00e9kl\u00e1mp\u00e1s Napot Egerben. Az imm\u00e1ron tizenkettedik alkalommal szervezett rendezv\u00e9nyt az \u00c9rsekkertben \u00e9lvezhetik az odal\u00e1togat\u00f3k 2018. \u00e1prilis 27-\u00e9n.<\/p>\n<p>Az \u00fcnnep\u00e9lyes megnyit\u00f3 f\u00e9l t\u00edzkor veszi majd kezdet\u00e9t, melynek r\u00e9szek\u00e9nt Ft. Dr. Csizmadia Istv\u00e1n p\u00e1pai prel\u00e1tus \u00far meg\u00e1ldja a HEROS-R\u00c1BA AQUADOUX-X 4000-es t\u00edpus\u00fa \u00faj t\u0171zolt\u00f3 g\u00e9pj\u00e1rm\u0171v\u00fcnket. Az \u00e1ld\u00e1st [&#8230;]<\/p>\n","protected":false},"author":4,"featured_media":0,"comment_status":"open","ping_status":"closed","sticky":false,"template":"","format":"standard","meta":{"footnotes":""},"categories":[6,5,4],"tags":[351,36,340,389],"class_list":["post-18929","post","type-post","status-publish","format-standard","hentry","category-belfold","category-kek-hirek","category-szabadido","tag-bemutato","tag-eger","tag-keklampas-nap","tag-program"],"_links":{"self":[{"href":"https:\/\/www.agriatv.hu\/index.php?rest_route=\/wp\/v2\/posts\/18929","targetHints":{"allow":["GET"]}}],"collection":[{"href":"https:\/\/www.agriatv.hu\/index.php?rest_route=\/wp\/v2\/posts"}],"about":[{"href":"https:\/\/www.agriatv.hu\/index.php?rest_route=\/wp\/v2\/types\/post"}],"author":[{"embeddable":true,"href":"https:\/\/www.agriatv.hu\/index.php?rest_route=\/wp\/v2\/users\/4"}],"replies":[{"embeddable":true,"href":"https:\/\/www.agriatv.hu\/index.php?rest_route=%2Fwp%2Fv2%2Fcomments&post=18929"}],"version-history":[{"count":1,"href":"https:\/\/www.agriatv.hu\/index.php?rest_route=\/wp\/v2\/posts\/18929\/revisions"}],"predecessor-version":[{"id":18931,"href":"https:\/\/www.agriatv.hu\/index.php?rest_route=\/wp\/v2\/posts\/18929\/revisions\/18931"}],"wp:attachment":[{"href":"https:\/\/www.agriatv.hu\/index.php?rest_route=%2Fwp%2Fv2%2Fmedia&parent=18929"}],"wp:term":[{"taxonomy":"category","embeddable":true,"href":"https:\/\/www.agriatv.hu\/index.php?rest_route=%2Fwp%2Fv2%2Fcategories&post=18929"},{"taxonomy":"post_tag","embeddable":true,"href":"https:\/\/www.agriatv.hu\/index.php?rest_route=%2Fwp%2Fv2%2Ftags&post=18929"}],"curies":[{"name":"wp","href":"https:\/\/api.w.org\/{rel}","templated":true}]}}