{"id":18941,"date":"2018-04-22T19:51:27","date_gmt":"2018-04-22T19:51:27","guid":{"rendered":"http:\/\/www.agriatv.hu\/?p=18941"},"modified":"2018-04-22T19:51:27","modified_gmt":"2018-04-22T19:51:27","slug":"temetesre-ment-halalra-gazoltak","status":"publish","type":"post","link":"https:\/\/www.agriatv.hu\/?p=18941","title":{"rendered":"Temet\u00e9sre ment, hal\u00e1lra g\u00e1zolt\u00e1k"},"content":{"rendered":"<p style=\"text-align: justify;\"><a href=\"https:\/\/www.agriatv.hu\/wp-content\/uploads\/2018\/04\/595933.325x183.jpg\"><img loading=\"lazy\" decoding=\"async\" class=\"alignleft size-medium wp-image-18942\" src=\"https:\/\/www.agriatv.hu\/wp-content\/uploads\/2018\/04\/595933.325x183-300x169.jpg\" alt=\"\" width=\"300\" height=\"169\" srcset=\"https:\/\/www.agriatv.hu\/wp-content\/uploads\/2018\/04\/595933.325x183-300x169.jpg 300w, https:\/\/www.agriatv.hu\/wp-content\/uploads\/2018\/04\/595933.325x183.jpg 325w\" sizes=\"auto, (max-width: 300px) 100vw, 300px\" \/><\/a>Temet\u00e9sre ment egy f\u00e9rfi, amikor hal\u00e1lra g\u00e1zolt\u00e1k Magyarg\u00e9c \u00e9s Sz\u00e9cs\u00e9ny k\u00f6z\u00f6tt. R\u00e1ad\u00e1sul \u00e9ppen annak a fiatal n\u0151nek a temet\u00e9s\u00e9re biciklizett, akit szint\u00e9n hal\u00e1lra g\u00e1zolt egy aut\u00f3s a j\u00e1rd\u00e1n Rim\u00f3con n\u00e9h\u00e1ny napja. A most elg\u00e1zolt csal\u00e1dapa a 22 \u00e9ves n\u0151 rokona volt, a faluj\u00e1ban mindenki azt mondja, nagyon rendes ember volt, \u00e9s sokat dolgozott, hogy el tudja tartani a csal\u00e1dj\u00e1t.<\/p>\n<p><iframe loading=\"lazy\" src=\"\/\/tenyek.hu\/neoplayer\/tv2\/embed\/260236_temetesre-ment-halalra-gazoltak.html\" width=\"640\" height=\"360\" frameborder=\"0\" scrolling=\"no\" allowfullscreen=\"allowfullscreen\"><\/iframe><\/p>\n","protected":false},"excerpt":{"rendered":"<p>Temet\u00e9sre ment egy f\u00e9rfi, amikor hal\u00e1lra g\u00e1zolt\u00e1k Magyarg\u00e9c \u00e9s Sz\u00e9cs\u00e9ny k\u00f6z\u00f6tt. R\u00e1ad\u00e1sul \u00e9ppen annak a fiatal n\u0151nek a temet\u00e9s\u00e9re biciklizett, akit szint\u00e9n hal\u00e1lra g\u00e1zolt egy aut\u00f3s a j\u00e1rd\u00e1n Rim\u00f3con n\u00e9h\u00e1ny napja. A most elg\u00e1zolt csal\u00e1dapa a 22 \u00e9ves n\u0151 rokona volt, a faluj\u00e1ban mindenki azt mondja, nagyon rendes ember volt, \u00e9s sokat dolgozott, hogy el [&#8230;]<\/p>\n","protected":false},"author":4,"featured_media":0,"comment_status":"open","ping_status":"closed","sticky":false,"template":"","format":"standard","meta":{"footnotes":""},"categories":[5],"tags":[41,1586,771,234,3039,122,3038,2854],"class_list":["post-18941","post","type-post","status-publish","format-standard","hentry","category-kek-hirek","tag-baleset","tag-gazolas","tag-halal","tag-kerekpar","tag-magyargec","tag-rendorseg","tag-rimoc","tag-temetes"],"_links":{"self":[{"href":"https:\/\/www.agriatv.hu\/index.php?rest_route=\/wp\/v2\/posts\/18941","targetHints":{"allow":["GET"]}}],"collection":[{"href":"https:\/\/www.agriatv.hu\/index.php?rest_route=\/wp\/v2\/posts"}],"about":[{"href":"https:\/\/www.agriatv.hu\/index.php?rest_route=\/wp\/v2\/types\/post"}],"author":[{"embeddable":true,"href":"https:\/\/www.agriatv.hu\/index.php?rest_route=\/wp\/v2\/users\/4"}],"replies":[{"embeddable":true,"href":"https:\/\/www.agriatv.hu\/index.php?rest_route=%2Fwp%2Fv2%2Fcomments&post=18941"}],"version-history":[{"count":1,"href":"https:\/\/www.agriatv.hu\/index.php?rest_route=\/wp\/v2\/posts\/18941\/revisions"}],"predecessor-version":[{"id":18943,"href":"https:\/\/www.agriatv.hu\/index.php?rest_route=\/wp\/v2\/posts\/18941\/revisions\/18943"}],"wp:attachment":[{"href":"https:\/\/www.agriatv.hu\/index.php?rest_route=%2Fwp%2Fv2%2Fmedia&parent=18941"}],"wp:term":[{"taxonomy":"category","embeddable":true,"href":"https:\/\/www.agriatv.hu\/index.php?rest_route=%2Fwp%2Fv2%2Fcategories&post=18941"},{"taxonomy":"post_tag","embeddable":true,"href":"https:\/\/www.agriatv.hu\/index.php?rest_route=%2Fwp%2Fv2%2Ftags&post=18941"}],"curies":[{"name":"wp","href":"https:\/\/api.w.org\/{rel}","templated":true}]}}