{"id":18975,"date":"2018-04-29T18:27:11","date_gmt":"2018-04-29T18:27:11","guid":{"rendered":"http:\/\/www.agriatv.hu\/?p=18975"},"modified":"2018-04-29T18:27:11","modified_gmt":"2018-04-29T18:27:11","slug":"megteltek-a-szallodak-a-hetvegere","status":"publish","type":"post","link":"https:\/\/www.agriatv.hu\/?p=18975","title":{"rendered":"Megteltek a sz\u00e1llod\u00e1k a h\u00e9tv\u00e9g\u00e9re"},"content":{"rendered":"<p style=\"text-align: justify;\"><a href=\"https:\/\/www.agriatv.hu\/wp-content\/uploads\/2018\/04\/597473.325x183.jpg\"><img loading=\"lazy\" decoding=\"async\" class=\"alignleft wp-image-18976\" src=\"https:\/\/www.agriatv.hu\/wp-content\/uploads\/2018\/04\/597473.325x183-300x169.jpg\" alt=\"\" width=\"209\" height=\"118\" srcset=\"https:\/\/www.agriatv.hu\/wp-content\/uploads\/2018\/04\/597473.325x183-300x169.jpg 300w, https:\/\/www.agriatv.hu\/wp-content\/uploads\/2018\/04\/597473.325x183.jpg 325w\" sizes=\"auto, (max-width: 209px) 100vw, 209px\" \/><\/a>Megteltek a sz\u00e1llod\u00e1k a n\u00e9gy napos h\u00e9tv\u00e9g\u00e9re, t\u00f6meg volt a Balatonn\u00e1l, a hossz\u00fa h\u00e9tv\u00e9ge t\u00f6bb mint n\u00e9gyszeres forgalmat hoz, a legn\u00e9pszer\u0171bb belf\u00f6ldi \u00fati c\u00e9l Eger \u00e9s Gyula, de nagyon sokan utaztak Si\u00f3fokra, P\u00e9csre, Hajd\u00faszoboszl\u00f3ra is. Vas\u00e1rnapra virrad\u00f3ra megd\u0151lt az orsz\u00e1gos melegrekord, S\u00e1ndorfalv\u00e1n mind\u00f6ssze 18,7 fokig h\u0171lt le a leveg\u0151. Pakson napk\u00f6zben pedig 30,2 fokot is m\u00e9rtek. Most viszont riaszt\u00e1st adtak ki az orsz\u00e1g k\u00f6z\u00e9ps\u0151 r\u00e9sz\u00e9re viharok miatt, j\u00e9ges\u0151 is v\u00e1rhat\u00f3.<\/p>\n<p><iframe loading=\"lazy\" src=\"\/\/tenyek.hu\/neoplayer\/tv2\/embed\/260910_megteltek-a-szallodak-a-hetvegere.html\" width=\"640\" height=\"360\" frameborder=\"0\" scrolling=\"no\" allowfullscreen=\"allowfullscreen\"><\/iframe><\/p>\n","protected":false},"excerpt":{"rendered":"<p>Megteltek a sz\u00e1llod\u00e1k a n\u00e9gy napos h\u00e9tv\u00e9g\u00e9re, t\u00f6meg volt a Balatonn\u00e1l, a hossz\u00fa h\u00e9tv\u00e9ge t\u00f6bb mint n\u00e9gyszeres forgalmat hoz, a legn\u00e9pszer\u0171bb belf\u00f6ldi \u00fati c\u00e9l Eger \u00e9s Gyula, de nagyon sokan utaztak Si\u00f3fokra, P\u00e9csre, Hajd\u00faszoboszl\u00f3ra is. Vas\u00e1rnapra virrad\u00f3ra megd\u0151lt az orsz\u00e1gos melegrekord, S\u00e1ndorfalv\u00e1n mind\u00f6ssze 18,7 fokig h\u0171lt le a leveg\u0151. Pakson napk\u00f6zben pedig 30,2 fokot is [&#8230;]<\/p>\n","protected":false},"author":4,"featured_media":0,"comment_status":"open","ping_status":"closed","sticky":false,"template":"","format":"standard","meta":{"footnotes":""},"categories":[6,4],"tags":[36,2757,389,3044,754,3045,774],"class_list":["post-18975","post","type-post","status-publish","format-standard","hentry","category-belfold","category-szabadido","tag-eger","tag-hetvege","tag-program","tag-szallas","tag-szalloda","tag-telthaz","tag-vendeg"],"_links":{"self":[{"href":"https:\/\/www.agriatv.hu\/index.php?rest_route=\/wp\/v2\/posts\/18975","targetHints":{"allow":["GET"]}}],"collection":[{"href":"https:\/\/www.agriatv.hu\/index.php?rest_route=\/wp\/v2\/posts"}],"about":[{"href":"https:\/\/www.agriatv.hu\/index.php?rest_route=\/wp\/v2\/types\/post"}],"author":[{"embeddable":true,"href":"https:\/\/www.agriatv.hu\/index.php?rest_route=\/wp\/v2\/users\/4"}],"replies":[{"embeddable":true,"href":"https:\/\/www.agriatv.hu\/index.php?rest_route=%2Fwp%2Fv2%2Fcomments&post=18975"}],"version-history":[{"count":1,"href":"https:\/\/www.agriatv.hu\/index.php?rest_route=\/wp\/v2\/posts\/18975\/revisions"}],"predecessor-version":[{"id":18977,"href":"https:\/\/www.agriatv.hu\/index.php?rest_route=\/wp\/v2\/posts\/18975\/revisions\/18977"}],"wp:attachment":[{"href":"https:\/\/www.agriatv.hu\/index.php?rest_route=%2Fwp%2Fv2%2Fmedia&parent=18975"}],"wp:term":[{"taxonomy":"category","embeddable":true,"href":"https:\/\/www.agriatv.hu\/index.php?rest_route=%2Fwp%2Fv2%2Fcategories&post=18975"},{"taxonomy":"post_tag","embeddable":true,"href":"https:\/\/www.agriatv.hu\/index.php?rest_route=%2Fwp%2Fv2%2Ftags&post=18975"}],"curies":[{"name":"wp","href":"https:\/\/api.w.org\/{rel}","templated":true}]}}