{"id":18985,"date":"2018-05-01T18:56:27","date_gmt":"2018-05-01T18:56:27","guid":{"rendered":"http:\/\/www.agriatv.hu\/?p=18985"},"modified":"2018-05-01T18:56:27","modified_gmt":"2018-05-01T18:56:27","slug":"eltort-a-nyaka-kezeles-utan-meghalt","status":"publish","type":"post","link":"https:\/\/www.agriatv.hu\/?p=18985","title":{"rendered":"Elt\u00f6rt a nyaka, kezel\u00e9s ut\u00e1n meghalt"},"content":{"rendered":"<p style=\"text-align: justify;\"><a href=\"https:\/\/www.agriatv.hu\/wp-content\/uploads\/2018\/05\/597715.325x183.jpg\"><img loading=\"lazy\" decoding=\"async\" class=\"alignleft wp-image-18986\" src=\"https:\/\/www.agriatv.hu\/wp-content\/uploads\/2018\/05\/597715.325x183-300x169.jpg\" alt=\"\" width=\"222\" height=\"125\" srcset=\"https:\/\/www.agriatv.hu\/wp-content\/uploads\/2018\/05\/597715.325x183-300x169.jpg 300w, https:\/\/www.agriatv.hu\/wp-content\/uploads\/2018\/05\/597715.325x183.jpg 325w\" sizes=\"auto, (max-width: 222px) 100vw, 222px\" \/><\/a>Leesett a l\u00e9pcs\u0151n \u00e9s elt\u00f6rt k\u00e9t nyakcsigoly\u00e1ja egy id\u0151s mez\u0151k\u00f6vesdi f\u00e9rfinek \u00e9s m\u00e9g csak ezut\u00e1n kezd\u0151d\u00f6tt az igazi k\u00e1lv\u00e1ri\u00e1ja. A l\u00e1nya szerint ugyanis a k\u00f3rh\u00e1zban t\u00fcd\u0151gyullad\u00e1st \u00e9s k\u00f3rh\u00e1zi fert\u0151z\u00e9st is kapott, majd meghalt. A csal\u00e1d szerint a k\u00f3rh\u00e1zi tort\u00fara vezetett az apa hal\u00e1l\u00e1hoz.<\/p>\n<p><iframe loading=\"lazy\" src=\"\/\/tenyek.hu\/neoplayer\/tv2\/embed\/261028_eltort-a-nyaka-kezeles-utan-meghalt.html\" width=\"640\" height=\"360\" frameborder=\"0\" scrolling=\"no\" allowfullscreen=\"allowfullscreen\"><\/iframe><\/p>\n","protected":false},"excerpt":{"rendered":"<p>Leesett a l\u00e9pcs\u0151n \u00e9s elt\u00f6rt k\u00e9t nyakcsigoly\u00e1ja egy id\u0151s mez\u0151k\u00f6vesdi f\u00e9rfinek \u00e9s m\u00e9g csak ezut\u00e1n kezd\u0151d\u00f6tt az igazi k\u00e1lv\u00e1ri\u00e1ja. A l\u00e1nya szerint ugyanis a k\u00f3rh\u00e1zban t\u00fcd\u0151gyullad\u00e1st \u00e9s k\u00f3rh\u00e1zi fert\u0151z\u00e9st is kapott, majd meghalt. A csal\u00e1d szerint a k\u00f3rh\u00e1zi tort\u00fara vezetett az apa hal\u00e1l\u00e1hoz.<\/p>\n","protected":false},"author":4,"featured_media":0,"comment_status":"open","ping_status":"closed","sticky":false,"template":"","format":"standard","meta":{"footnotes":""},"categories":[6,19],"tags":[1279,130,771,1301,713],"class_list":["post-18985","post","type-post","status-publish","format-standard","hentry","category-belfold","category-egeszseg","tag-beteg","tag-fertozes","tag-halal","tag-kezeles","tag-korhaz"],"_links":{"self":[{"href":"https:\/\/www.agriatv.hu\/index.php?rest_route=\/wp\/v2\/posts\/18985","targetHints":{"allow":["GET"]}}],"collection":[{"href":"https:\/\/www.agriatv.hu\/index.php?rest_route=\/wp\/v2\/posts"}],"about":[{"href":"https:\/\/www.agriatv.hu\/index.php?rest_route=\/wp\/v2\/types\/post"}],"author":[{"embeddable":true,"href":"https:\/\/www.agriatv.hu\/index.php?rest_route=\/wp\/v2\/users\/4"}],"replies":[{"embeddable":true,"href":"https:\/\/www.agriatv.hu\/index.php?rest_route=%2Fwp%2Fv2%2Fcomments&post=18985"}],"version-history":[{"count":1,"href":"https:\/\/www.agriatv.hu\/index.php?rest_route=\/wp\/v2\/posts\/18985\/revisions"}],"predecessor-version":[{"id":18987,"href":"https:\/\/www.agriatv.hu\/index.php?rest_route=\/wp\/v2\/posts\/18985\/revisions\/18987"}],"wp:attachment":[{"href":"https:\/\/www.agriatv.hu\/index.php?rest_route=%2Fwp%2Fv2%2Fmedia&parent=18985"}],"wp:term":[{"taxonomy":"category","embeddable":true,"href":"https:\/\/www.agriatv.hu\/index.php?rest_route=%2Fwp%2Fv2%2Fcategories&post=18985"},{"taxonomy":"post_tag","embeddable":true,"href":"https:\/\/www.agriatv.hu\/index.php?rest_route=%2Fwp%2Fv2%2Ftags&post=18985"}],"curies":[{"name":"wp","href":"https:\/\/api.w.org\/{rel}","templated":true}]}}