{"id":19115,"date":"2018-05-27T19:21:20","date_gmt":"2018-05-27T19:21:20","guid":{"rendered":"http:\/\/www.agriatv.hu\/?p=19115"},"modified":"2018-05-27T20:15:22","modified_gmt":"2018-05-27T20:15:22","slug":"unokajaval-ugrott-a-vonat-ele","status":"publish","type":"post","link":"https:\/\/www.agriatv.hu\/?p=19115","title":{"rendered":"Unok\u00e1j\u00e1val ugrott a vonat el\u00e9"},"content":{"rendered":"<p><a href=\"https:\/\/www.agriatv.hu\/wp-content\/uploads\/2018\/05\/602093.325x183.jpg\"><img loading=\"lazy\" decoding=\"async\" class=\"alignleft wp-image-19116\" src=\"https:\/\/www.agriatv.hu\/wp-content\/uploads\/2018\/05\/602093.325x183-300x169.jpg\" alt=\"\" width=\"202\" height=\"114\" srcset=\"https:\/\/www.agriatv.hu\/wp-content\/uploads\/2018\/05\/602093.325x183-300x169.jpg 300w, https:\/\/www.agriatv.hu\/wp-content\/uploads\/2018\/05\/602093.325x183.jpg 325w\" sizes=\"auto, (max-width: 202px) 100vw, 202px\" \/><\/a>N\u00e9gy\u00e9ves unok\u00e1j\u00e1val a karj\u00e1ban ugrott vonat el\u00e9 egy 49 \u00e9ves n\u0151 a Hort \u00e9s Cs\u00e1ny k\u00f6z\u00f6tti vas\u00fati \u00e1tj\u00e1r\u00f3ban. Mindketten meghaltak. Az elhunyt kisfi\u00fa \u00e9desanyja azt mondta, gy\u0171l\u00f6letet \u00e9rez anyja ir\u00e1nt, aki ezt tette. \u0150 \u00fagy tudta, hogy kisfia \u00e9s a nagymam\u00e1ja cukr\u00e1szd\u00e1ba mennek. N\u00e9h\u00e1ny \u00f3r\u00e1val k\u00e9s\u0151bb a rend\u0151r\u00f6k \u00e9rtes\u00edtett\u00e9k a trag\u00e9di\u00e1r\u00f3l. A nyugalom megzavar\u00e1s\u00e1ra alkalmas riport k\u00f6vetkezik.<br \/>\n<iframe loading=\"lazy\" src=\"\/\/tenyek.hu\/neoplayer\/tv2\/embed\/263108_unokajaval-ugrott-a-vonat-ele.html\" width=\"640\" height=\"360\" frameborder=\"0\" scrolling=\"no\" allowfullscreen=\"allowfullscreen\"><\/iframe><\/p>\n<blockquote class=\"embedly-card\" data-card-controls=\"1\" data-card-align=\"center\" data-card-theme=\"light\" data-card-key=\"bbb82e0305934450ba516e363ef455a7\">\n<h4><a href=\"http:\/\/rtl.hu\/rtlklub\/hirek\/unokajaval-ugrott-vonat-ele\">RTL.hu<\/a><\/h4>\n<p>No Description<\/p>\n<\/blockquote>\n<p><script async src=\"\/\/cdn.embedly.com\/widgets\/platform.js\" charset=\"UTF-8\"><\/script><\/p>\n","protected":false},"excerpt":{"rendered":"<p>N\u00e9gy\u00e9ves unok\u00e1j\u00e1val a karj\u00e1ban ugrott vonat el\u00e9 egy 49 \u00e9ves n\u0151 a Hort \u00e9s Cs\u00e1ny k\u00f6z\u00f6tti vas\u00fati \u00e1tj\u00e1r\u00f3ban. Mindketten meghaltak. Az elhunyt kisfi\u00fa \u00e9desanyja azt mondta, gy\u0171l\u00f6letet \u00e9rez anyja ir\u00e1nt, aki ezt tette. \u0150 \u00fagy tudta, hogy kisfia \u00e9s a nagymam\u00e1ja cukr\u00e1szd\u00e1ba mennek. N\u00e9h\u00e1ny \u00f3r\u00e1val k\u00e9s\u0151bb a rend\u0151r\u00f6k \u00e9rtes\u00edtett\u00e9k a trag\u00e9di\u00e1r\u00f3l. A nyugalom megzavar\u00e1s\u00e1ra alkalmas [&#8230;]<\/p>\n","protected":false},"author":4,"featured_media":0,"comment_status":"open","ping_status":"closed","sticky":false,"template":"","format":"standard","meta":{"footnotes":""},"categories":[5],"tags":[320,771,1798,2488,1037],"class_list":["post-19115","post","type-post","status-publish","format-standard","hentry","category-kek-hirek","tag-gyermek","tag-halal","tag-hort","tag-nagymama","tag-vonat"],"_links":{"self":[{"href":"https:\/\/www.agriatv.hu\/index.php?rest_route=\/wp\/v2\/posts\/19115","targetHints":{"allow":["GET"]}}],"collection":[{"href":"https:\/\/www.agriatv.hu\/index.php?rest_route=\/wp\/v2\/posts"}],"about":[{"href":"https:\/\/www.agriatv.hu\/index.php?rest_route=\/wp\/v2\/types\/post"}],"author":[{"embeddable":true,"href":"https:\/\/www.agriatv.hu\/index.php?rest_route=\/wp\/v2\/users\/4"}],"replies":[{"embeddable":true,"href":"https:\/\/www.agriatv.hu\/index.php?rest_route=%2Fwp%2Fv2%2Fcomments&post=19115"}],"version-history":[{"count":1,"href":"https:\/\/www.agriatv.hu\/index.php?rest_route=\/wp\/v2\/posts\/19115\/revisions"}],"predecessor-version":[{"id":19117,"href":"https:\/\/www.agriatv.hu\/index.php?rest_route=\/wp\/v2\/posts\/19115\/revisions\/19117"}],"wp:attachment":[{"href":"https:\/\/www.agriatv.hu\/index.php?rest_route=%2Fwp%2Fv2%2Fmedia&parent=19115"}],"wp:term":[{"taxonomy":"category","embeddable":true,"href":"https:\/\/www.agriatv.hu\/index.php?rest_route=%2Fwp%2Fv2%2Fcategories&post=19115"},{"taxonomy":"post_tag","embeddable":true,"href":"https:\/\/www.agriatv.hu\/index.php?rest_route=%2Fwp%2Fv2%2Ftags&post=19115"}],"curies":[{"name":"wp","href":"https:\/\/api.w.org\/{rel}","templated":true}]}}