{"id":19135,"date":"2018-06-05T18:52:00","date_gmt":"2018-06-05T18:52:00","guid":{"rendered":"http:\/\/www.agriatv.hu\/?p=19135"},"modified":"2018-06-05T18:52:10","modified_gmt":"2018-06-05T18:52:10","slug":"egyhavi-eso-zudulhat-az-orszagra","status":"publish","type":"post","link":"https:\/\/www.agriatv.hu\/?p=19135","title":{"rendered":"Egyhavi es\u0151 z\u00fadulhat az orsz\u00e1gra"},"content":{"rendered":"<p style=\"text-align: justify;\"><a href=\"https:\/\/www.agriatv.hu\/wp-content\/uploads\/2018\/06\/603399.325x183.jpg\"><img loading=\"lazy\" decoding=\"async\" class=\"alignleft wp-image-19136\" src=\"https:\/\/www.agriatv.hu\/wp-content\/uploads\/2018\/06\/603399.325x183-300x169.jpg\" alt=\"\" width=\"188\" height=\"106\" srcset=\"https:\/\/www.agriatv.hu\/wp-content\/uploads\/2018\/06\/603399.325x183-300x169.jpg 300w, https:\/\/www.agriatv.hu\/wp-content\/uploads\/2018\/06\/603399.325x183.jpg 325w\" sizes=\"auto, (max-width: 188px) 100vw, 188px\" \/><\/a>Ak\u00e1r egyhavi mennyis\u00e9g\u0171 csapad\u00e9k is lez\u00fadulhat az orsz\u00e1gra a k\u00f6vetkez\u0151 napokban. \u00dagynevezett vill\u00e1m\u00e1rv\u00edz is kialakulhat, ami azt jelenti, hogy a kisebb patakok hirtelen megduzzadnak v\u00edzzel \u00e9s a le\u00e1raml\u00f3 es\u0151 telep\u00fcl\u00e9seket, pinc\u00e9ket \u00f6nthet el. A hegyoldalakban pedig s\u00e1ros v\u00edz z\u00fadulhat a falvakra.<\/p>\n<p><iframe loading=\"lazy\" src=\"\/\/tenyek.hu\/neoplayer\/tv2\/embed\/263777_egyhavi-eso-zudulhat-az-orszagra.html\" width=\"640\" height=\"360\" frameborder=\"0\" scrolling=\"no\" allowfullscreen=\"allowfullscreen\"><\/iframe><\/p>\n","protected":false},"excerpt":{"rendered":"<p>Ak\u00e1r egyhavi mennyis\u00e9g\u0171 csapad\u00e9k is lez\u00fadulhat az orsz\u00e1gra a k\u00f6vetkez\u0151 napokban. \u00dagynevezett vill\u00e1m\u00e1rv\u00edz is kialakulhat, ami azt jelenti, hogy a kisebb patakok hirtelen megduzzadnak v\u00edzzel \u00e9s a le\u00e1raml\u00f3 es\u0151 telep\u00fcl\u00e9seket, pinc\u00e9ket \u00f6nthet el. A hegyoldalakban pedig s\u00e1ros v\u00edz z\u00fadulhat a falvakra.<\/p>\n","protected":false},"author":4,"featured_media":0,"comment_status":"open","ping_status":"closed","sticky":false,"template":"","format":"standard","meta":{"footnotes":""},"categories":[6,19],"tags":[36,1215,899,1911,195],"class_list":["post-19135","post","type-post","status-publish","format-standard","hentry","category-belfold","category-egeszseg","tag-eger","tag-eso","tag-idojaras","tag-meleg","tag-vihar"],"_links":{"self":[{"href":"https:\/\/www.agriatv.hu\/index.php?rest_route=\/wp\/v2\/posts\/19135","targetHints":{"allow":["GET"]}}],"collection":[{"href":"https:\/\/www.agriatv.hu\/index.php?rest_route=\/wp\/v2\/posts"}],"about":[{"href":"https:\/\/www.agriatv.hu\/index.php?rest_route=\/wp\/v2\/types\/post"}],"author":[{"embeddable":true,"href":"https:\/\/www.agriatv.hu\/index.php?rest_route=\/wp\/v2\/users\/4"}],"replies":[{"embeddable":true,"href":"https:\/\/www.agriatv.hu\/index.php?rest_route=%2Fwp%2Fv2%2Fcomments&post=19135"}],"version-history":[{"count":1,"href":"https:\/\/www.agriatv.hu\/index.php?rest_route=\/wp\/v2\/posts\/19135\/revisions"}],"predecessor-version":[{"id":19137,"href":"https:\/\/www.agriatv.hu\/index.php?rest_route=\/wp\/v2\/posts\/19135\/revisions\/19137"}],"wp:attachment":[{"href":"https:\/\/www.agriatv.hu\/index.php?rest_route=%2Fwp%2Fv2%2Fmedia&parent=19135"}],"wp:term":[{"taxonomy":"category","embeddable":true,"href":"https:\/\/www.agriatv.hu\/index.php?rest_route=%2Fwp%2Fv2%2Fcategories&post=19135"},{"taxonomy":"post_tag","embeddable":true,"href":"https:\/\/www.agriatv.hu\/index.php?rest_route=%2Fwp%2Fv2%2Ftags&post=19135"}],"curies":[{"name":"wp","href":"https:\/\/api.w.org\/{rel}","templated":true}]}}