{"id":19138,"date":"2018-06-05T18:59:17","date_gmt":"2018-06-05T18:59:17","guid":{"rendered":"http:\/\/www.agriatv.hu\/?p=19138"},"modified":"2018-06-05T19:12:54","modified_gmt":"2018-06-05T19:12:54","slug":"gyerekeket-mentettek-a-langokbol","status":"publish","type":"post","link":"https:\/\/www.agriatv.hu\/?p=19138","title":{"rendered":"Gyerekeket mentettek a l\u00e1ngokb\u00f3l"},"content":{"rendered":"<div id=\"cikktorzs_inner\" style=\"text-align: justify;\"><a href=\"https:\/\/www.agriatv.hu\/wp-content\/uploads\/2018\/06\/603392.325x183.jpg\"><img loading=\"lazy\" decoding=\"async\" class=\"alignleft wp-image-19139\" src=\"https:\/\/www.agriatv.hu\/wp-content\/uploads\/2018\/06\/603392.325x183-300x169.jpg\" alt=\"\" width=\"208\" height=\"117\" srcset=\"https:\/\/www.agriatv.hu\/wp-content\/uploads\/2018\/06\/603392.325x183-300x169.jpg 300w, https:\/\/www.agriatv.hu\/wp-content\/uploads\/2018\/06\/603392.325x183.jpg 325w\" sizes=\"auto, (max-width: 208px) 100vw, 208px\" \/><\/a>Egy hattag\u00fa csal\u00e1dot \u00e9s egy id\u0151s, mozg\u00e1ss\u00e9r\u00fclt asszonyt mentettek ki a l\u00e1ngokb\u00f3l a rend\u0151r\u00f6k a Heves-megyei Gy\u00f6ngy\u00f6ssolymoson. Egy lakatlan h\u00e1z gyulladt ki, ahonnan a l\u00e1ngok \u00e1tterjedtek a szomsz\u00e9dos \u00e9p\u00fcletekre is. A rend\u0151r\u00f6k a t\u0171zolt\u00f3k el\u0151tt \u00e9rtek ki a helysz\u00ednre \u00e9s azonnal elkezdtek menteni: a hatalmas f\u00fcst \u00e9s a l\u00e1ngok miatt a lak\u00f3k m\u00e1r nem tudtak magukt\u00f3l kijutni a h\u00e1zakb\u00f3l.<\/div>\n<p><iframe loading=\"lazy\" src=\"\/\/tenyek.hu\/neoplayer\/tv2\/embed\/263770_gyerekeket-mentettek-a-langokbol.html\" width=\"640\" height=\"360\" frameborder=\"0\" scrolling=\"no\" allowfullscreen=\"allowfullscreen\"><\/iframe><\/p>\n<p>&nbsp;<\/p>\n<div style=\"width: 100%; height: 0px; position: relative; padding-bottom: 57%;\"><iframe style=\"width: 100%; height: 100%; position: absolute;\" src=\"\/\/rtl.hu\/embed\/1187708\" frameborder=\"0\" allowfullscreen=\"allowfullscreen\"><\/iframe><\/div>\n<blockquote class=\"embedly-card\" data-card-controls=\"1\" data-card-align=\"center\" data-card-theme=\"light\" data-card-key=\"bbb82e0305934450ba516e363ef455a7\">\n<h4><a href=\"http:\/\/www.atv.hu\/videok\/video-20180605-ego-hazbol-mentettek-a-lakokat\">ATV.hu<\/a><\/h4>\n<p>Az ATV az els\u0151 mag\u00e1ntelev\u00edzi\u00f3 haz\u00e1nkban. A min\u0151s\u00e9gi, sz\u00ednvonalas, magas \u00e9rt\u00e9krend\u0171 m\u0171sorok k\u00e9sz\u00edt\u00e9s\u00e9t \u00e9s sug\u00e1rz\u00e1s\u00e1t c\u00e9lul kit\u0171z\u0151 kereskedelmi csatorna.<\/p>\n<\/blockquote>\n<p><script async src=\"\/\/cdn.embedly.com\/widgets\/platform.js\" charset=\"UTF-8\"><\/script><\/p>\n<p>&nbsp;<\/p>\n","protected":false},"excerpt":{"rendered":"<p>Egy hattag\u00fa csal\u00e1dot \u00e9s egy id\u0151s, mozg\u00e1ss\u00e9r\u00fclt asszonyt mentettek ki a l\u00e1ngokb\u00f3l a rend\u0151r\u00f6k a Heves-megyei Gy\u00f6ngy\u00f6ssolymoson. Egy lakatlan h\u00e1z gyulladt ki, ahonnan a l\u00e1ngok \u00e1tterjedtek a szomsz\u00e9dos \u00e9p\u00fcletekre is. A rend\u0151r\u00f6k a t\u0171zolt\u00f3k el\u0151tt \u00e9rtek ki a helysz\u00ednre \u00e9s azonnal elkezdtek menteni: a hatalmas f\u00fcst \u00e9s a l\u00e1ngok miatt a lak\u00f3k m\u00e1r nem tudtak [&#8230;]<\/p>\n","protected":false},"author":4,"featured_media":0,"comment_status":"open","ping_status":"closed","sticky":false,"template":"","format":"standard","meta":{"footnotes":""},"categories":[1],"tags":[],"class_list":["post-19138","post","type-post","status-publish","format-standard","hentry","category-nincs-kategorizalva"],"_links":{"self":[{"href":"https:\/\/www.agriatv.hu\/index.php?rest_route=\/wp\/v2\/posts\/19138","targetHints":{"allow":["GET"]}}],"collection":[{"href":"https:\/\/www.agriatv.hu\/index.php?rest_route=\/wp\/v2\/posts"}],"about":[{"href":"https:\/\/www.agriatv.hu\/index.php?rest_route=\/wp\/v2\/types\/post"}],"author":[{"embeddable":true,"href":"https:\/\/www.agriatv.hu\/index.php?rest_route=\/wp\/v2\/users\/4"}],"replies":[{"embeddable":true,"href":"https:\/\/www.agriatv.hu\/index.php?rest_route=%2Fwp%2Fv2%2Fcomments&post=19138"}],"version-history":[{"count":3,"href":"https:\/\/www.agriatv.hu\/index.php?rest_route=\/wp\/v2\/posts\/19138\/revisions"}],"predecessor-version":[{"id":19142,"href":"https:\/\/www.agriatv.hu\/index.php?rest_route=\/wp\/v2\/posts\/19138\/revisions\/19142"}],"wp:attachment":[{"href":"https:\/\/www.agriatv.hu\/index.php?rest_route=%2Fwp%2Fv2%2Fmedia&parent=19138"}],"wp:term":[{"taxonomy":"category","embeddable":true,"href":"https:\/\/www.agriatv.hu\/index.php?rest_route=%2Fwp%2Fv2%2Fcategories&post=19138"},{"taxonomy":"post_tag","embeddable":true,"href":"https:\/\/www.agriatv.hu\/index.php?rest_route=%2Fwp%2Fv2%2Ftags&post=19138"}],"curies":[{"name":"wp","href":"https:\/\/api.w.org\/{rel}","templated":true}]}}