{"id":19157,"date":"2018-06-11T17:57:19","date_gmt":"2018-06-11T17:57:19","guid":{"rendered":"http:\/\/www.agriatv.hu\/?p=19157"},"modified":"2018-06-11T17:57:19","modified_gmt":"2018-06-11T17:57:19","slug":"megolte-csecsemojet-mert-sirt","status":"publish","type":"post","link":"https:\/\/www.agriatv.hu\/?p=19157","title":{"rendered":"Meg\u00f6lte csecsem\u0151j\u00e9t, mert s\u00edrt"},"content":{"rendered":"<p style=\"text-align: justify;\"><a href=\"https:\/\/www.agriatv.hu\/wp-content\/uploads\/2018\/06\/604009.325x183.jpg\"><img loading=\"lazy\" decoding=\"async\" class=\"alignleft wp-image-19158\" src=\"https:\/\/www.agriatv.hu\/wp-content\/uploads\/2018\/06\/604009.325x183-300x169.jpg\" alt=\"\" width=\"204\" height=\"115\" srcset=\"https:\/\/www.agriatv.hu\/wp-content\/uploads\/2018\/06\/604009.325x183-300x169.jpg 300w, https:\/\/www.agriatv.hu\/wp-content\/uploads\/2018\/06\/604009.325x183.jpg 325w\" sizes=\"auto, (max-width: 204px) 100vw, 204px\" \/><\/a>Meg\u00f6lte csecsem\u0151j\u00e9t egy f\u00e9rfi, mert az s\u00edrni kezdett. Az apa, miut\u00e1n nem tudta megnyugtatni a k\u00e9t h\u00f3napos kisfi\u00e1t, nagy er\u0151vel megr\u00e1zta \u00e9s elejtette. A kisbaba a k\u00e1lyh\u00e1ra esett, majd a f\u00f6ldre zuhant, ahol beverte a fej\u00e9t egy t\u00e9gl\u00e1ba. A kisbab\u00e1t a sz\u00fcl\u0151k ezut\u00e1n csak k\u00e9s\u0151bb vitt\u00e9k k\u00f3rh\u00e1zba, de akkor m\u00e1r halott volt. A trag\u00e9dia 2016-ban t\u00f6rt\u00e9nt, a b\u00edr\u00f3s\u00e1g most \u00edt\u00e9lte el az ap\u00e1t.<\/p>\n<p><iframe loading=\"lazy\" src=\"\/\/tenyek.hu\/neoplayer\/tv2\/embed\/264132_megolte-csecsemojet-mert-sirt.html\" width=\"640\" height=\"360\" frameborder=\"0\" scrolling=\"no\" allowfullscreen=\"allowfullscreen\"><\/iframe><\/p>\n<blockquote class=\"embedly-card\" data-card-controls=\"1\" data-card-align=\"center\" data-card-theme=\"light\" data-card-key=\"bbb82e0305934450ba516e363ef455a7\">\n<h4><a href=\"http:\/\/rtl.hu\/rtlklub\/hirek\/het-ev-borton-a-brutalis-apanak\">RTL.hu<\/a><\/h4>\n<p>No Description<\/p>\n<\/blockquote>\n<p><script async src=\"\/\/cdn.embedly.com\/widgets\/platform.js\" charset=\"UTF-8\"><\/script><\/p>\n<blockquote class=\"embedly-card\" data-card-controls=\"1\" data-card-align=\"center\" data-card-theme=\"light\" data-card-key=\"bbb82e0305934450ba516e363ef455a7\">\n<h4><a href=\"http:\/\/www.atv.hu\/videok\/video-20180611-7-ev-borton-a-csecsemogyilkosnak\">ATV.hu<\/a><\/h4>\n<p>Az ATV az els\u0151 mag\u00e1ntelev\u00edzi\u00f3 haz\u00e1nkban. A min\u0151s\u00e9gi, sz\u00ednvonalas, magas \u00e9rt\u00e9krend\u0171 m\u0171sorok k\u00e9sz\u00edt\u00e9s\u00e9t \u00e9s sug\u00e1rz\u00e1s\u00e1t c\u00e9lul kit\u0171z\u0151 kereskedelmi csatorna.<\/p>\n<\/blockquote>\n<p><script async src=\"\/\/cdn.embedly.com\/widgets\/platform.js\" charset=\"UTF-8\"><\/script><\/p>\n","protected":false},"excerpt":{"rendered":"<p>Meg\u00f6lte csecsem\u0151j\u00e9t egy f\u00e9rfi, mert az s\u00edrni kezdett. Az apa, miut\u00e1n nem tudta megnyugtatni a k\u00e9t h\u00f3napos kisfi\u00e1t, nagy er\u0151vel megr\u00e1zta \u00e9s elejtette. A kisbaba a k\u00e1lyh\u00e1ra esett, majd a f\u00f6ldre zuhant, ahol beverte a fej\u00e9t egy t\u00e9gl\u00e1ba. A kisbab\u00e1t a sz\u00fcl\u0151k ezut\u00e1n csak k\u00e9s\u0151bb vitt\u00e9k k\u00f3rh\u00e1zba, de akkor m\u00e1r halott volt. A trag\u00e9dia 2016-ban [&#8230;]<\/p>\n","protected":false},"author":4,"featured_media":0,"comment_status":"open","ping_status":"closed","sticky":false,"template":"","format":"standard","meta":{"footnotes":""},"categories":[5],"tags":[2541,1431,320,771,533],"class_list":["post-19157","post","type-post","status-publish","format-standard","hentry","category-kek-hirek","tag-apa","tag-borton","tag-gyermek","tag-halal","tag-recsk"],"_links":{"self":[{"href":"https:\/\/www.agriatv.hu\/index.php?rest_route=\/wp\/v2\/posts\/19157","targetHints":{"allow":["GET"]}}],"collection":[{"href":"https:\/\/www.agriatv.hu\/index.php?rest_route=\/wp\/v2\/posts"}],"about":[{"href":"https:\/\/www.agriatv.hu\/index.php?rest_route=\/wp\/v2\/types\/post"}],"author":[{"embeddable":true,"href":"https:\/\/www.agriatv.hu\/index.php?rest_route=\/wp\/v2\/users\/4"}],"replies":[{"embeddable":true,"href":"https:\/\/www.agriatv.hu\/index.php?rest_route=%2Fwp%2Fv2%2Fcomments&post=19157"}],"version-history":[{"count":1,"href":"https:\/\/www.agriatv.hu\/index.php?rest_route=\/wp\/v2\/posts\/19157\/revisions"}],"predecessor-version":[{"id":19159,"href":"https:\/\/www.agriatv.hu\/index.php?rest_route=\/wp\/v2\/posts\/19157\/revisions\/19159"}],"wp:attachment":[{"href":"https:\/\/www.agriatv.hu\/index.php?rest_route=%2Fwp%2Fv2%2Fmedia&parent=19157"}],"wp:term":[{"taxonomy":"category","embeddable":true,"href":"https:\/\/www.agriatv.hu\/index.php?rest_route=%2Fwp%2Fv2%2Fcategories&post=19157"},{"taxonomy":"post_tag","embeddable":true,"href":"https:\/\/www.agriatv.hu\/index.php?rest_route=%2Fwp%2Fv2%2Ftags&post=19157"}],"curies":[{"name":"wp","href":"https:\/\/api.w.org\/{rel}","templated":true}]}}