{"id":19256,"date":"2018-07-03T21:50:44","date_gmt":"2018-07-03T21:50:44","guid":{"rendered":"http:\/\/www.agriatv.hu\/?p=19256"},"modified":"2018-07-03T21:50:44","modified_gmt":"2018-07-03T21:50:44","slug":"halalos-balesetek-az-utakon","status":"publish","type":"post","link":"https:\/\/www.agriatv.hu\/?p=19256","title":{"rendered":"Hal\u00e1los balesetek az utakon"},"content":{"rendered":"<p style=\"text-align: justify;\"><a href=\"https:\/\/www.agriatv.hu\/wp-content\/uploads\/2018\/07\/606189.325x183.jpg\"><img loading=\"lazy\" decoding=\"async\" class=\"alignleft wp-image-19257\" src=\"https:\/\/www.agriatv.hu\/wp-content\/uploads\/2018\/07\/606189.325x183-300x169.jpg\" alt=\"\" width=\"224\" height=\"126\" srcset=\"https:\/\/www.agriatv.hu\/wp-content\/uploads\/2018\/07\/606189.325x183-300x169.jpg 300w, https:\/\/www.agriatv.hu\/wp-content\/uploads\/2018\/07\/606189.325x183.jpg 325w\" sizes=\"auto, (max-width: 224px) 100vw, 224px\" \/><\/a>T\u00f6bbsz\u00f6r is megp\u00f6rd\u00fclt a tengelye k\u00f6r\u00fcl az az aut\u00f3, amelyik let\u00e9rt az \u00fattestr\u0151l, majd az \u00e1rokba csap\u00f3dott Kar\u00e1csondn\u00e1l. A becsap\u00f3d\u00e1s olyan erej\u0171 volt, hogy a kocsit vezet\u0151 f\u00e9rfi azonnal meghalt. Egy m\u00e1sik balesetben k\u00e9t aut\u00f3 front\u00e1lisan \u00fctk\u00f6z\u00f6tt \u00f6ssze a keszthelyi elker\u00fcl\u0151 \u00faton. A k\u00e9t sof\u0151r s\u00falyos s\u00e9r\u00fcl\u00e9sekkel ker\u00fclt k\u00f3rh\u00e1zba. Az aut\u00f3 egyik utasa azonban a helysz\u00ednen meghalt.<\/p>\n<p><iframe loading=\"lazy\" src=\"\/\/tenyek.hu\/neoplayer\/tv2\/embed\/265455_halalos-balesetek-az-utakon.html\" width=\"640\" height=\"360\" frameborder=\"0\" scrolling=\"no\" allowfullscreen=\"allowfullscreen\"><\/iframe><\/p>\n<blockquote class=\"embedly-card\" data-card-controls=\"1\" data-card-align=\"center\" data-card-theme=\"light\" data-card-key=\"bbb82e0305934450ba516e363ef455a7\">\n<h4><a href=\"http:\/\/rtl.hu\/rtlklub\/hirek\/tobbszor-megpordult-mielott-az-arokba-csuszott\">RTL.hu<\/a><\/h4>\n<p>No Description<\/p>\n<\/blockquote>\n<p><script async src=\"\/\/cdn.embedly.com\/widgets\/platform.js\" charset=\"UTF-8\"><\/script><\/p>\n","protected":false},"excerpt":{"rendered":"<p>T\u00f6bbsz\u00f6r is megp\u00f6rd\u00fclt a tengelye k\u00f6r\u00fcl az az aut\u00f3, amelyik let\u00e9rt az \u00fattestr\u0151l, majd az \u00e1rokba csap\u00f3dott Kar\u00e1csondn\u00e1l. A becsap\u00f3d\u00e1s olyan erej\u0171 volt, hogy a kocsit vezet\u0151 f\u00e9rfi azonnal meghalt. Egy m\u00e1sik balesetben k\u00e9t aut\u00f3 front\u00e1lisan \u00fctk\u00f6z\u00f6tt \u00f6ssze a keszthelyi elker\u00fcl\u0151 \u00faton. A k\u00e9t sof\u0151r s\u00falyos s\u00e9r\u00fcl\u00e9sekkel ker\u00fclt k\u00f3rh\u00e1zba. Az aut\u00f3 egyik utasa azonban a [&#8230;]<\/p>\n","protected":false},"author":4,"featured_media":0,"comment_status":"open","ping_status":"closed","sticky":false,"template":"","format":"standard","meta":{"footnotes":""},"categories":[5],"tags":[2183,41,771,1518,122],"class_list":["post-19256","post","type-post","status-publish","format-standard","hentry","category-kek-hirek","tag-arok","tag-baleset","tag-halal","tag-karacsond","tag-rendorseg"],"_links":{"self":[{"href":"https:\/\/www.agriatv.hu\/index.php?rest_route=\/wp\/v2\/posts\/19256","targetHints":{"allow":["GET"]}}],"collection":[{"href":"https:\/\/www.agriatv.hu\/index.php?rest_route=\/wp\/v2\/posts"}],"about":[{"href":"https:\/\/www.agriatv.hu\/index.php?rest_route=\/wp\/v2\/types\/post"}],"author":[{"embeddable":true,"href":"https:\/\/www.agriatv.hu\/index.php?rest_route=\/wp\/v2\/users\/4"}],"replies":[{"embeddable":true,"href":"https:\/\/www.agriatv.hu\/index.php?rest_route=%2Fwp%2Fv2%2Fcomments&post=19256"}],"version-history":[{"count":5,"href":"https:\/\/www.agriatv.hu\/index.php?rest_route=\/wp\/v2\/posts\/19256\/revisions"}],"predecessor-version":[{"id":19262,"href":"https:\/\/www.agriatv.hu\/index.php?rest_route=\/wp\/v2\/posts\/19256\/revisions\/19262"}],"wp:attachment":[{"href":"https:\/\/www.agriatv.hu\/index.php?rest_route=%2Fwp%2Fv2%2Fmedia&parent=19256"}],"wp:term":[{"taxonomy":"category","embeddable":true,"href":"https:\/\/www.agriatv.hu\/index.php?rest_route=%2Fwp%2Fv2%2Fcategories&post=19256"},{"taxonomy":"post_tag","embeddable":true,"href":"https:\/\/www.agriatv.hu\/index.php?rest_route=%2Fwp%2Fv2%2Ftags&post=19256"}],"curies":[{"name":"wp","href":"https:\/\/api.w.org\/{rel}","templated":true}]}}