{"id":19332,"date":"2018-08-02T19:06:10","date_gmt":"2018-08-02T19:06:10","guid":{"rendered":"http:\/\/www.agriatv.hu\/?p=19332"},"modified":"2018-08-02T19:06:10","modified_gmt":"2018-08-02T19:06:10","slug":"villamaradasokat-okozott-a-vihar","status":"publish","type":"post","link":"https:\/\/www.agriatv.hu\/?p=19332","title":{"rendered":"Vill\u00e1m\u00e1rad\u00e1sokat okozott a vihar"},"content":{"rendered":"<p style=\"text-align: justify;\"><a href=\"https:\/\/www.agriatv.hu\/wp-content\/uploads\/2018\/08\/608854.325x183.jpg\"><img loading=\"lazy\" decoding=\"async\" class=\"alignleft  wp-image-19333\" src=\"https:\/\/www.agriatv.hu\/wp-content\/uploads\/2018\/08\/608854.325x183-300x169.jpg\" alt=\"\" width=\"224\" height=\"126\" srcset=\"https:\/\/www.agriatv.hu\/wp-content\/uploads\/2018\/08\/608854.325x183-300x169.jpg 300w, https:\/\/www.agriatv.hu\/wp-content\/uploads\/2018\/08\/608854.325x183.jpg 325w\" sizes=\"auto, (max-width: 224px) 100vw, 224px\" \/><\/a>Vill\u00e1m\u00e1rad\u00e1sok s\u00f6p\u00f6rtek v\u00e9gig az orsz\u00e1gban t\u00f6bb telep\u00fcl\u00e9sen. Volt, ahol beszakadt az \u00fatburkolat a sok v\u00edzt\u0151l. Az aut\u00f3k kerekeit szinte elnyelte a h\u00f6mp\u00f6lyg\u0151 v\u00edz. Augusztus els\u0151 h\u00e9tv\u00e9g\u00e9j\u00e9n is lesznek z\u00e1porok, zivatarok, de a h\u0151s\u00e9g tov\u00e1bbra is tombolni fog.<\/p>\n<p><iframe loading=\"lazy\" src=\"\/\/tenyek.hu\/neoplayer\/tv2\/embed\/267139_villamaradasokat-okozott-a-vihar.html\" width=\"640\" height=\"360\" frameborder=\"0\" scrolling=\"no\" allowfullscreen=\"allowfullscreen\"><\/iframe><\/p>\n","protected":false},"excerpt":{"rendered":"<p>Vill\u00e1m\u00e1rad\u00e1sok s\u00f6p\u00f6rtek v\u00e9gig az orsz\u00e1gban t\u00f6bb telep\u00fcl\u00e9sen. Volt, ahol beszakadt az \u00fatburkolat a sok v\u00edzt\u0151l. Az aut\u00f3k kerekeit szinte elnyelte a h\u00f6mp\u00f6lyg\u0151 v\u00edz. Augusztus els\u0151 h\u00e9tv\u00e9g\u00e9j\u00e9n is lesznek z\u00e1porok, zivatarok, de a h\u0151s\u00e9g tov\u00e1bbra is tombolni fog.<\/p>\n","protected":false},"author":4,"featured_media":0,"comment_status":"open","ping_status":"closed","sticky":false,"template":"","format":"standard","meta":{"footnotes":""},"categories":[6],"tags":[2019,143,1215,2837,175,195],"class_list":["post-19332","post","type-post","status-publish","format-standard","hentry","category-belfold","tag-aradas","tag-egeszseg-2","tag-eso","tag-hoseg","tag-szokokut","tag-vihar"],"_links":{"self":[{"href":"https:\/\/www.agriatv.hu\/index.php?rest_route=\/wp\/v2\/posts\/19332","targetHints":{"allow":["GET"]}}],"collection":[{"href":"https:\/\/www.agriatv.hu\/index.php?rest_route=\/wp\/v2\/posts"}],"about":[{"href":"https:\/\/www.agriatv.hu\/index.php?rest_route=\/wp\/v2\/types\/post"}],"author":[{"embeddable":true,"href":"https:\/\/www.agriatv.hu\/index.php?rest_route=\/wp\/v2\/users\/4"}],"replies":[{"embeddable":true,"href":"https:\/\/www.agriatv.hu\/index.php?rest_route=%2Fwp%2Fv2%2Fcomments&post=19332"}],"version-history":[{"count":1,"href":"https:\/\/www.agriatv.hu\/index.php?rest_route=\/wp\/v2\/posts\/19332\/revisions"}],"predecessor-version":[{"id":19334,"href":"https:\/\/www.agriatv.hu\/index.php?rest_route=\/wp\/v2\/posts\/19332\/revisions\/19334"}],"wp:attachment":[{"href":"https:\/\/www.agriatv.hu\/index.php?rest_route=%2Fwp%2Fv2%2Fmedia&parent=19332"}],"wp:term":[{"taxonomy":"category","embeddable":true,"href":"https:\/\/www.agriatv.hu\/index.php?rest_route=%2Fwp%2Fv2%2Fcategories&post=19332"},{"taxonomy":"post_tag","embeddable":true,"href":"https:\/\/www.agriatv.hu\/index.php?rest_route=%2Fwp%2Fv2%2Ftags&post=19332"}],"curies":[{"name":"wp","href":"https:\/\/api.w.org\/{rel}","templated":true}]}}