{"id":19377,"date":"2018-08-15T19:36:41","date_gmt":"2018-08-15T19:36:41","guid":{"rendered":"http:\/\/www.agriatv.hu\/?p=19377"},"modified":"2018-08-15T19:43:06","modified_gmt":"2018-08-15T19:43:06","slug":"baleset-szentdomonkoson","status":"publish","type":"post","link":"https:\/\/www.agriatv.hu\/?p=19377","title":{"rendered":"Baleset Szentdomonkoson"},"content":{"rendered":"<p style=\"text-align: justify;\"><strong><a href=\"https:\/\/www.agriatv.hu\/wp-content\/uploads\/2018\/08\/f.jpg\"><img loading=\"lazy\" decoding=\"async\" class=\"alignleft wp-image-19378\" src=\"https:\/\/www.agriatv.hu\/wp-content\/uploads\/2018\/08\/f-300x169.jpg\" alt=\"\" width=\"193\" height=\"109\" srcset=\"https:\/\/www.agriatv.hu\/wp-content\/uploads\/2018\/08\/f-300x169.jpg 300w, https:\/\/www.agriatv.hu\/wp-content\/uploads\/2018\/08\/f-768x432.jpg 768w, https:\/\/www.agriatv.hu\/wp-content\/uploads\/2018\/08\/f-1024x576.jpg 1024w, https:\/\/www.agriatv.hu\/wp-content\/uploads\/2018\/08\/f.jpg 1920w\" sizes=\"auto, (max-width: 193px) 100vw, 193px\" \/><\/a>K\u00e9t aut\u00f3 \u00fctk\u00f6z\u00f6tt \u00f6ssze Szentdomonkoson: h\u00e1rom ember s\u00e9r\u00fclt meg.<\/strong><\/p>\n<p style=\"text-align: justify;\">\u00dagy tudjuk, egy Ford \u00e9rkezett a 25.sz\u00e1m\u00fa f\u0151\u00faton Szentdomonkos hat\u00e1r\u00e1ban az egyik kanyarba. A kocsi vezet\u0151je val\u00f3sz\u00edn\u0171leg nem az \u00fatviszonyoknak megfelel\u0151 sebess\u00e9ggel k\u00f6zlekedett. A kocsija \u00e1tsodr\u00f3dott a szemk\u00f6zti s\u00e1vba, ahol \u00f6ssze\u00fctk\u00f6z\u00f6tt egy szab\u00e1lyosan k\u00f6zleked\u0151 j\u00e1rm\u0171vel. A Ford az \u00fctk\u00f6z\u00e9s ut\u00e1n az \u00e1rokban felborult. Vezet\u0151j\u00e9t a t\u0171zolt\u00f3k seg\u00edtett\u00e9k ki, \u0151 nem s\u00e9r\u00fclt komolyabban.<\/p>\n<p style=\"text-align: justify;\">A v\u00e9tlen j\u00e1rm\u0171ben ketten utaztak. Inform\u00e1ci\u00f3nk szerint ennek a kocsinak a vezet\u0151je s\u00e9r\u00fclt s\u00falyosan. A ment\u0151k k\u00e9t k\u00f6nny\u0171 s\u00e9r\u00fclttel egy\u00fctt k\u00f3rh\u00e1zba sz\u00e1ll\u00edtott\u00e1k.<\/p>\n<p style=\"text-align: justify;\">A helysz\u00ednel\u00e9s \u00e9s a ment\u00e9s idej\u00e9n rend\u0151ri ir\u00e1ny\u00edt\u00e1s mellett, f\u00e9lp\u00e1ly\u00e1n haladt a forgalom.<\/p>\n\n<div class=\"youtube-embed ye-container\" itemprop=\"video\" itemscope itemtype=\"https:\/\/schema.org\/VideoObject\">\n\t<meta itemprop=\"url\" content=\"https:\/\/www.youtube.com\/v\/3VciDUOxBJA\" \/>\n\t<meta itemprop=\"name\" content=\"Baleset Szentdomonkoson\" \/>\n\t<meta itemprop=\"description\" content=\"Baleset Szentdomonkoson\" \/>\n\t<meta itemprop=\"uploadDate\" content=\"2018-08-15T19:36:41+00:00\" \/>\n\t<meta itemprop=\"thumbnailUrl\" content=\"https:\/\/i.ytimg.com\/vi\/3VciDUOxBJA\/default.jpg\" \/>\n\t<meta itemprop=\"embedUrl\" content=\"https:\/\/www.youtube.com\/embed\/3VciDUOxBJA\" \/>\n\t<meta itemprop=\"height\" content=\"1080\" \/>\n\t<meta itemprop=\"width\" content=\"1920\" \/>\n\t<iframe loading=\"lazy\" style=\"border: 0;\" class=\"youtube-player\" width=\"1920\" height=\"1080\" src=\"https:\/\/www.youtube.com\/embed\/3VciDUOxBJA?modestbranding=1&fs=0&rel=0\"><\/iframe>\n<\/div>\n\n","protected":false},"excerpt":{"rendered":"<p>K\u00e9t aut\u00f3 \u00fctk\u00f6z\u00f6tt \u00f6ssze Szentdomonkoson: h\u00e1rom ember s\u00e9r\u00fclt meg.<br \/>\n\u00dagy tudjuk, egy Ford \u00e9rkezett a 25.sz\u00e1m\u00fa f\u0151\u00faton Szentdomonkos hat\u00e1r\u00e1ban az egyik kanyarba. A kocsi vezet\u0151je val\u00f3sz\u00edn\u0171leg nem az \u00fatviszonyoknak megfelel\u0151 sebess\u00e9ggel k\u00f6zlekedett. A kocsija \u00e1tsodr\u00f3dott a szemk\u00f6zti s\u00e1vba, ahol \u00f6ssze\u00fctk\u00f6z\u00f6tt egy szab\u00e1lyosan k\u00f6zleked\u0151 j\u00e1rm\u0171vel. A Ford az \u00fctk\u00f6z\u00e9s ut\u00e1n az \u00e1rokban felborult. Vezet\u0151j\u00e9t a t\u0171zolt\u00f3k seg\u00edtett\u00e9k [&#8230;]<\/p>\n","protected":false},"author":4,"featured_media":0,"comment_status":"open","ping_status":"closed","sticky":false,"template":"","format":"standard","meta":{"footnotes":""},"categories":[5],"tags":[2183,41,380,122,458,2517,161],"class_list":["post-19377","post","type-post","status-publish","format-standard","hentry","category-kek-hirek","tag-arok","tag-baleset","tag-mento","tag-rendorseg","tag-serult","tag-szentdomonkos","tag-tuzolto"],"_links":{"self":[{"href":"https:\/\/www.agriatv.hu\/index.php?rest_route=\/wp\/v2\/posts\/19377","targetHints":{"allow":["GET"]}}],"collection":[{"href":"https:\/\/www.agriatv.hu\/index.php?rest_route=\/wp\/v2\/posts"}],"about":[{"href":"https:\/\/www.agriatv.hu\/index.php?rest_route=\/wp\/v2\/types\/post"}],"author":[{"embeddable":true,"href":"https:\/\/www.agriatv.hu\/index.php?rest_route=\/wp\/v2\/users\/4"}],"replies":[{"embeddable":true,"href":"https:\/\/www.agriatv.hu\/index.php?rest_route=%2Fwp%2Fv2%2Fcomments&post=19377"}],"version-history":[{"count":2,"href":"https:\/\/www.agriatv.hu\/index.php?rest_route=\/wp\/v2\/posts\/19377\/revisions"}],"predecessor-version":[{"id":19380,"href":"https:\/\/www.agriatv.hu\/index.php?rest_route=\/wp\/v2\/posts\/19377\/revisions\/19380"}],"wp:attachment":[{"href":"https:\/\/www.agriatv.hu\/index.php?rest_route=%2Fwp%2Fv2%2Fmedia&parent=19377"}],"wp:term":[{"taxonomy":"category","embeddable":true,"href":"https:\/\/www.agriatv.hu\/index.php?rest_route=%2Fwp%2Fv2%2Fcategories&post=19377"},{"taxonomy":"post_tag","embeddable":true,"href":"https:\/\/www.agriatv.hu\/index.php?rest_route=%2Fwp%2Fv2%2Ftags&post=19377"}],"curies":[{"name":"wp","href":"https:\/\/api.w.org\/{rel}","templated":true}]}}